{"id":14063,"date":"2025-05-19T12:38:54","date_gmt":"2025-05-19T10:38:54","guid":{"rendered":"https:\/\/elcafedepipa.com\/?p=14063"},"modified":"2025-05-19T12:38:55","modified_gmt":"2025-05-19T10:38:55","slug":"el-pspv-psoe-posa-en-valor-el-suport-historic-del-govern-despanya-al-municipalisme-i-retreu-al-pp-que-bloquege-larribada-de-3-000-milions-als-ajuntaments-p","status":"publish","type":"post","link":"https:\/\/elcafedepipa.com\/index.php\/2025\/05\/19\/el-pspv-psoe-posa-en-valor-el-suport-historic-del-govern-despanya-al-municipalisme-i-retreu-al-pp-que-bloquege-larribada-de-3-000-milions-als-ajuntaments-p\/","title":{"rendered":"El PSPV-PSOE posa en valor el \u201csuport hist\u00f2ric\u201d del Govern d\u2019Espanya al municipalisme i retreu al PP que bloquege l\u2019arribada de 3.000 milions als ajuntaments \u201cper tacticisme pol\u00edtic\u201d"},"content":{"rendered":"\n<p>El PSPV-PSOE de Castell\u00f3 reivindica el \u201csuport hist\u00f2ric, constant i decidit\u201d del Govern d\u2019Espanya als ajuntaments davant un Partit Popular que \u201cnom\u00e9s sap tergiversar la realitat i posar totes les traves possibles perqu\u00e8 cap mesura que millore el finan\u00e7ament local isca endavant\u201d, ha afirmat el vicesecretari general, Joan Morales.<\/p>\n\n\n\n<p>Morales ha assenyalat &nbsp;que \u201cels governs progressistes han sigut hist\u00f2ricament els que realment han donat aire a l\u2019administraci\u00f3 local, especialment en moments tan durs com la pand\u00e8mia o les cat\u00e0strofes naturals\u201d i ha criticat que, en els pitjor moments, \u201cel PP sempre ha posat bastons a les rodes\u201d.<\/p>\n\n\n\n<p>El socialista ha assegurat que \u201cles mocions del PP sobre finan\u00e7ament municipal s\u00f3n pura hipocresia despr\u00e9s d\u2019haver bloquejat en l\u2019\u00faltim any al Congr\u00e9s iniciatives que haurien reportat milers de milions d\u2019euros a les entitats locals\u201d. \u201cEl partit de Feij\u00f3o i Maz\u00f3n est\u00e0 portant la m\u00e0xima de \u2018quan pitjor li vaja a Espanya, millor\u2019 a un nivell extrem\u201d. \u201cSempre han remat en direcci\u00f3 contr\u00e0ria; primer impedint l\u2019aprovaci\u00f3 de la senda de d\u00e8ficit i del sostre de despesa, fent que les entitats locals perden m\u00e9s de 1.600 milions nom\u00e9s en 2025, i despr\u00e9s bloquejant l\u2019actualitzaci\u00f3 dels lliuraments a compte per al present exercici rebutjant el decret llei que ho preveia, provocant la p\u00e8rdua de 1.160 milions per als ajuntaments\u201d, ha lamentat. \u201cEn total s\u00f3n prop de 3.000 milions d\u2019euros que s\u2019esfumen pels capritxos del PP de fer-li la pua al Govern socialista\u201d.<\/p>\n\n\n\n<p>En contrast a aix\u00f2, el dirigent ha posat en valor que el finan\u00e7ament de les entitats locals ha assolit en 2024 \u201cun m\u00e0xim hist\u00f2ric\u201d amb 28.415 milions d\u2019euros, un 61% m\u00e9s que en 2017, amb Mariano Rajoy a la Moncloa. \u201cI a aix\u00f2 cal sumar dotacions extraordin\u00e0ries com la compensaci\u00f3 per la crisi del transport p\u00fablic durant la pand\u00e8mia, la devoluci\u00f3 dels perjudicis del sistema d\u2019IVA implantat pel PP o la compensaci\u00f3 de liquidacions negatives del 2020, sumant tot plegat m\u00e9s de 5.000 milions d\u2019euros.<\/p>\n\n\n\n<p>\u201cDe res serveix ara posar-se la samarreta del municipalisme, quan han boicotejat totes i cadascuna de les iniciatives del govern de Pedro S\u00e1nchez que afavorien l\u2019autonomia local\u201d. Al fil d\u2019aix\u00f2, ha recordat que les comunitats governades pel PP es van al\u00e7ar de la taula del Consell de Pol\u00edtica Fiscal i Financera per a rebentar el debat sobre la condonaci\u00f3 de deute, una mesura pensada per a corregir l\u2019infrafinan\u00e7ament i per a afavorir la sostenibilitat dels comptes p\u00fablics. \u201cTot aix\u00f2 demostra que a Feij\u00f3o, Maz\u00f3n i Barrachina no els interessa per a res el benestar dels municipis i de la seua gent, sin\u00f3 utilitzar-los com a ariet per a atacar el Govern d\u2019Espanya, encara que siga a costa de perjudicar-los\u201d, ha denunciat.<\/p>\n\n\n\n<p>\u201cDemanem una oposici\u00f3 que treballe amb rigor i responsabilitat i que no jugue amb els recursos dels ajuntaments per pur tacticisme partidista\u201d. \u201cLes mentides tenen les potes curtes i no aconseguiran enganyar ning\u00fa m\u00e9s. La veritat \u00e9s la que \u00e9s, que &nbsp;el Govern d\u2019Espanya ha fet m\u00e9s per les entitats locals que cap altre en la hist\u00f2ria democr\u00e0tica\u201d.<\/p>\n\n\n\n<p><\/p>\n","protected":false},"excerpt":{"rendered":"<p>El PSPV-PSOE de Castell\u00f3 reivindica el \u201csuport hist\u00f2ric, constant i decidit\u201d del Govern d\u2019Espanya als ajuntaments davant un Partit Popular que \u201cnom\u00e9s sap tergiversar la realitat i posar totes les traves possibles perqu\u00e8 cap mesura que millore el finan\u00e7ament local isca endavant\u201d, ha afirmat el vicesecretari general, Joan Morales. Morales ha assenyalat &nbsp;que \u201cels governs &#8230; <a title=\"El PSPV-PSOE posa en valor el \u201csuport hist\u00f2ric\u201d del Govern d\u2019Espanya al municipalisme i retreu al PP que bloquege l\u2019arribada de 3.000 milions als ajuntaments \u201cper tacticisme pol\u00edtic\u201d\" class=\"read-more\" href=\"https:\/\/elcafedepipa.com\/index.php\/2025\/05\/19\/el-pspv-psoe-posa-en-valor-el-suport-historic-del-govern-despanya-al-municipalisme-i-retreu-al-pp-que-bloquege-larribada-de-3-000-milions-als-ajuntaments-p\/\" aria-label=\"M\u00e9s informaci\u00f3 sobre El PSPV-PSOE posa en valor el \u201csuport hist\u00f2ric\u201d del Govern d\u2019Espanya al municipalisme i retreu al PP que bloquege l\u2019arribada de 3.000 milions als ajuntaments \u201cper tacticisme pol\u00edtic\u201d\">Read more<\/a><\/p>\n","protected":false},"author":2,"featured_media":14065,"comment_status":"closed","ping_status":"closed","sticky":false,"template":"","format":"standard","meta":{"om_disable_all_campaigns":false,"_monsterinsights_skip_tracking":false,"_monsterinsights_sitenote_active":false,"_monsterinsights_sitenote_note":"","_monsterinsights_sitenote_category":0,"_uf_show_specific_survey":0,"_uf_disable_surveys":false,"footnotes":""},"categories":[11],"tags":[],"class_list":["post-14063","post","type-post","status-publish","format-standard","has-post-thumbnail","hentry","category-comunitatvalenciana"],"_links":{"self":[{"href":"https:\/\/elcafedepipa.com\/index.php\/wp-json\/wp\/v2\/posts\/14063","targetHints":{"allow":["GET"]}}],"collection":[{"href":"https:\/\/elcafedepipa.com\/index.php\/wp-json\/wp\/v2\/posts"}],"about":[{"href":"https:\/\/elcafedepipa.com\/index.php\/wp-json\/wp\/v2\/types\/post"}],"author":[{"embeddable":true,"href":"https:\/\/elcafedepipa.com\/index.php\/wp-json\/wp\/v2\/users\/2"}],"replies":[{"embeddable":true,"href":"https:\/\/elcafedepipa.com\/index.php\/wp-json\/wp\/v2\/comments?post=14063"}],"version-history":[{"count":0,"href":"https:\/\/elcafedepipa.com\/index.php\/wp-json\/wp\/v2\/posts\/14063\/revisions"}],"wp:featuredmedia":[{"embeddable":true,"href":"https:\/\/elcafedepipa.com\/index.php\/wp-json\/wp\/v2\/media\/14065"}],"wp:attachment":[{"href":"https:\/\/elcafedepipa.com\/index.php\/wp-json\/wp\/v2\/media?parent=14063"}],"wp:term":[{"taxonomy":"category","embeddable":true,"href":"https:\/\/elcafedepipa.com\/index.php\/wp-json\/wp\/v2\/categories?post=14063"},{"taxonomy":"post_tag","embeddable":true,"href":"https:\/\/elcafedepipa.com\/index.php\/wp-json\/wp\/v2\/tags?post=14063"}],"curies":[{"name":"wp","href":"https:\/\/api.w.org\/{rel}","templated":true}]}}