{"id":14058,"date":"2025-05-19T11:44:43","date_gmt":"2025-05-19T09:44:43","guid":{"rendered":"https:\/\/elcafedepipa.com\/?p=14058"},"modified":"2025-05-19T11:45:35","modified_gmt":"2025-05-19T09:45:35","slug":"el-pp-de-nules-celebra-la-nova-llei-valenciana-de-la-costa-i-assegura-que-hem-guanyat-el-futur","status":"publish","type":"post","link":"https:\/\/elcafedepipa.com\/index.php\/2025\/05\/19\/el-pp-de-nules-celebra-la-nova-llei-valenciana-de-la-costa-i-assegura-que-hem-guanyat-el-futur\/","title":{"rendered":"El PP de Nules celebra la nova llei valenciana de la costa i assegura que \u201chem guanyat el futur&#8221;"},"content":{"rendered":"\n<p>El Grup Municipal del Partit Popular a Nules ha posat en valor l&#8217;acord aconseguit <strong>recentment<\/strong> en el ple de Les Corts que dona llum verda a la Llei de Protecci\u00f3 i Ordenaci\u00f3 de la Costa Valenciana i \u201cens fa guanyar el futur\u201d.<\/p>\n\n\n\n<p>Aix\u00ed ho ha manifestat el portaveu del PP en la localitat i president del PP de Nules, Jos\u00e9 Adsuara, qui ha posat en valor \u201cel treball, la dedicaci\u00f3, l\u2019esfor\u00e7 i l&#8217;obstinaci\u00f3 dels ve\u00efns de Nules. S\u00f3n ells els que amb la seua implicaci\u00f3 han aconseguit que s&#8217;aprove este nou marc legislatiu que tira avant perqu\u00e8 el PP complix la seua paraula\u201d.<\/p>\n\n\n\n<p>Per a Adsuara, \u201c\u00e9s el triomf de Nules\u201d. \u201cHui estem m\u00e9s protegits i es manifesta en llei la voluntat del Partit Popular de conciliar els usos de les nostres platges amb la protecci\u00f3 del nostre patrimoni i la preservaci\u00f3 del nostre medi ambient\u201d.<\/p>\n\n\n\n<p>En este sentit, el regidor ha lamentat que PSOE i Comprom\u00eds \u201chagen votat en contra de tan bo com aporta esta llei. La primera que un Govern valenci\u00e0 aprova i que demostra el comprom\u00eds del PP amb l&#8217;anunciat. Perqu\u00e8 nosaltres complim all\u00f2 a qu\u00e8 ens comprometem\u201d.<\/p>\n\n\n\n<p>Esta nova llei valenciana se suma a l&#8217;esfor\u00e7 que el PP ha exercit i exercix des de Madrid. Despr\u00e9s de l&#8217;acord aconseguit al Senat el passat 12 de mar\u00e7 a la proposici\u00f3 de llei per a modificar la llei de costes, \u201cportem m\u00e9s d&#8217;un any esperant que PSOE i Comprom\u00eds desbloquegen el debat en el Congr\u00e9s\u201d.<\/p>\n\n\n\n<p>M\u00e9s de 40 pr\u00f2rrogues acumula esta iniciativa que ha provocat que el PP torne a presentar una altra iniciativa en esta mateixa l\u00ednia a trav\u00e9s del Grup Parlamentari del Partit Popular en el Congr\u00e9s. \u201cHem doblegat el nostre esfor\u00e7 perqu\u00e8 els dos partits desbloquegen l&#8217;entrada d&#8217;esta iniciativa en la Cambra Baixa. I no pararem fins a aconseguir-ho, perqu\u00e8 ens juguem les nostres platges, Les Casetes, Nules\u201d, ha concl\u00f2s el portaveu del PP.<\/p>\n\n\n\n<p><\/p>\n\n\n\n<p><\/p>\n\n\n\n<p><\/p>\n","protected":false},"excerpt":{"rendered":"<p>El Grup Municipal del Partit Popular a Nules ha posat en valor l&#8217;acord aconseguit recentment en el ple de Les Corts que dona llum verda a la Llei de Protecci\u00f3 i Ordenaci\u00f3 de la Costa Valenciana i \u201cens fa guanyar el futur\u201d. Aix\u00ed ho ha manifestat el portaveu del PP en la localitat i president &#8230; <a title=\"El PP de Nules celebra la nova llei valenciana de la costa i assegura que \u201chem guanyat el futur&#8221;\" class=\"read-more\" href=\"https:\/\/elcafedepipa.com\/index.php\/2025\/05\/19\/el-pp-de-nules-celebra-la-nova-llei-valenciana-de-la-costa-i-assegura-que-hem-guanyat-el-futur\/\" aria-label=\"M\u00e9s informaci\u00f3 sobre El PP de Nules celebra la nova llei valenciana de la costa i assegura que \u201chem guanyat el futur&#8221;\">Read more<\/a><\/p>\n","protected":false},"author":2,"featured_media":14060,"comment_status":"closed","ping_status":"closed","sticky":false,"template":"","format":"standard","meta":{"om_disable_all_campaigns":false,"_monsterinsights_skip_tracking":false,"_monsterinsights_sitenote_active":false,"_monsterinsights_sitenote_note":"","_monsterinsights_sitenote_category":0,"_uf_show_specific_survey":0,"_uf_disable_surveys":false,"footnotes":""},"categories":[11,3],"tags":[],"class_list":["post-14058","post","type-post","status-publish","format-standard","has-post-thumbnail","hentry","category-comunitatvalenciana","category-nules"],"_links":{"self":[{"href":"https:\/\/elcafedepipa.com\/index.php\/wp-json\/wp\/v2\/posts\/14058","targetHints":{"allow":["GET"]}}],"collection":[{"href":"https:\/\/elcafedepipa.com\/index.php\/wp-json\/wp\/v2\/posts"}],"about":[{"href":"https:\/\/elcafedepipa.com\/index.php\/wp-json\/wp\/v2\/types\/post"}],"author":[{"embeddable":true,"href":"https:\/\/elcafedepipa.com\/index.php\/wp-json\/wp\/v2\/users\/2"}],"replies":[{"embeddable":true,"href":"https:\/\/elcafedepipa.com\/index.php\/wp-json\/wp\/v2\/comments?post=14058"}],"version-history":[{"count":0,"href":"https:\/\/elcafedepipa.com\/index.php\/wp-json\/wp\/v2\/posts\/14058\/revisions"}],"wp:featuredmedia":[{"embeddable":true,"href":"https:\/\/elcafedepipa.com\/index.php\/wp-json\/wp\/v2\/media\/14060"}],"wp:attachment":[{"href":"https:\/\/elcafedepipa.com\/index.php\/wp-json\/wp\/v2\/media?parent=14058"}],"wp:term":[{"taxonomy":"category","embeddable":true,"href":"https:\/\/elcafedepipa.com\/index.php\/wp-json\/wp\/v2\/categories?post=14058"},{"taxonomy":"post_tag","embeddable":true,"href":"https:\/\/elcafedepipa.com\/index.php\/wp-json\/wp\/v2\/tags?post=14058"}],"curies":[{"name":"wp","href":"https:\/\/api.w.org\/{rel}","templated":true}]}}