{"id":14054,"date":"2025-05-19T09:30:30","date_gmt":"2025-05-19T07:30:30","guid":{"rendered":"https:\/\/elcafedepipa.com\/?p=14054"},"modified":"2025-05-19T09:30:31","modified_gmt":"2025-05-19T07:30:31","slug":"rocio-ibanez-guanya-les-primaries-i-liderara-el-pspv-psoe-de-lalt-palancia-i-lalt-millars-fins-a-2029","status":"publish","type":"post","link":"https:\/\/elcafedepipa.com\/index.php\/2025\/05\/19\/rocio-ibanez-guanya-les-primaries-i-liderara-el-pspv-psoe-de-lalt-palancia-i-lalt-millars-fins-a-2029\/","title":{"rendered":"Roc\u00edo Ib\u00e1\u00f1ez guanya les prim\u00e0ries i liderar\u00e0 el PSPV-PSOE de l\u2019Alt Pal\u00e0ncia i l\u2019Alt Millars fins a 2029"},"content":{"rendered":"\n<p>Roc\u00edo Ib\u00e1\u00f1ez ha aconseguit reunir durant la jornada de votaci\u00f3 el suport de la milit\u00e0ncia del PSPV-PSOE de l\u2019Alt Pal\u00e0ncia i l\u2019Alt Millars i liderar\u00e0 l\u2019executiva comarcal els pr\u00f2xims quatre anys. L\u2019alcaldessa d\u2019Altura ha obtingut 114 vots, el que suposa un 57,87% del total de sufragis comptabilitzats, mentre que la candidatura de David Quiles, alcalde de Geldo, n\u2019ha reunit 83, el que representa un 42,13% del total. Nom\u00e9s s\u2019ha notificat un vot nul. La participaci\u00f3 ha assolit el 79,52% de la milit\u00e0ncia, en una jornada que s\u2019ha desenvolupat sense cap incident.<\/p>\n\n\n\n<p>El secretari general provincial, Samuel Falomir, s\u2019ha despla\u00e7at fins a Altura per a felicitar personalment la nova l\u00edder del PSPV de l\u2019Alt Pal\u00e0ncia i Millars, acompanyat per la presidenta de l\u2019Executiva Provincial, Antonia Garc\u00eda, i membres de la c\u00fapula socialista.<\/p>\n\n\n\n<p>Una volta confirmada l\u2019elecci\u00f3 de Roc\u00edo Ib\u00e1\u00f1ez, el PSPV-PSOE de l\u2019Alt Pal\u00e0ncia inicia ara la segona fase del seu proc\u00e9s intern. En les pr\u00f2ximes setmanes es convocaran els \u00f2rgans per a l&#8217;elecci\u00f3 de les persones delegades que participaran en el IV Congr\u00e9s Comarcal, previs a la celebraci\u00f3 del conclave socialista el diumenge 15 de juny a Castellnovo. Ser\u00e0 en aquest escenari on es proclamar\u00e0 oficialment Ib\u00e1\u00f1ez com la primera secret\u00e0ria general comarcal de l\u2019Alt Pal\u00e0ncia i l\u2019Alt Millars i es donar\u00e0 a con\u00e9ixer la nova executiva que dirigir\u00e0 el partit fins a 2029.<\/p>\n","protected":false},"excerpt":{"rendered":"<p>Roc\u00edo Ib\u00e1\u00f1ez ha aconseguit reunir durant la jornada de votaci\u00f3 el suport de la milit\u00e0ncia del PSPV-PSOE de l\u2019Alt Pal\u00e0ncia i l\u2019Alt Millars i liderar\u00e0 l\u2019executiva comarcal els pr\u00f2xims quatre anys. L\u2019alcaldessa d\u2019Altura ha obtingut 114 vots, el que suposa un 57,87% del total de sufragis comptabilitzats, mentre que la candidatura de David Quiles, alcalde &#8230; <a title=\"Roc\u00edo Ib\u00e1\u00f1ez guanya les prim\u00e0ries i liderar\u00e0 el PSPV-PSOE de l\u2019Alt Pal\u00e0ncia i l\u2019Alt Millars fins a 2029\" class=\"read-more\" href=\"https:\/\/elcafedepipa.com\/index.php\/2025\/05\/19\/rocio-ibanez-guanya-les-primaries-i-liderara-el-pspv-psoe-de-lalt-palancia-i-lalt-millars-fins-a-2029\/\" aria-label=\"M\u00e9s informaci\u00f3 sobre Roc\u00edo Ib\u00e1\u00f1ez guanya les prim\u00e0ries i liderar\u00e0 el PSPV-PSOE de l\u2019Alt Pal\u00e0ncia i l\u2019Alt Millars fins a 2029\">Read more<\/a><\/p>\n","protected":false},"author":2,"featured_media":14055,"comment_status":"closed","ping_status":"closed","sticky":false,"template":"","format":"standard","meta":{"om_disable_all_campaigns":false,"_monsterinsights_skip_tracking":false,"_monsterinsights_sitenote_active":false,"_monsterinsights_sitenote_note":"","_monsterinsights_sitenote_category":0,"_uf_show_specific_survey":0,"_uf_disable_surveys":false,"footnotes":""},"categories":[10],"tags":[],"class_list":["post-14054","post","type-post","status-publish","format-standard","has-post-thumbnail","hentry","category-provinciadecastello"],"_links":{"self":[{"href":"https:\/\/elcafedepipa.com\/index.php\/wp-json\/wp\/v2\/posts\/14054","targetHints":{"allow":["GET"]}}],"collection":[{"href":"https:\/\/elcafedepipa.com\/index.php\/wp-json\/wp\/v2\/posts"}],"about":[{"href":"https:\/\/elcafedepipa.com\/index.php\/wp-json\/wp\/v2\/types\/post"}],"author":[{"embeddable":true,"href":"https:\/\/elcafedepipa.com\/index.php\/wp-json\/wp\/v2\/users\/2"}],"replies":[{"embeddable":true,"href":"https:\/\/elcafedepipa.com\/index.php\/wp-json\/wp\/v2\/comments?post=14054"}],"version-history":[{"count":0,"href":"https:\/\/elcafedepipa.com\/index.php\/wp-json\/wp\/v2\/posts\/14054\/revisions"}],"wp:featuredmedia":[{"embeddable":true,"href":"https:\/\/elcafedepipa.com\/index.php\/wp-json\/wp\/v2\/media\/14055"}],"wp:attachment":[{"href":"https:\/\/elcafedepipa.com\/index.php\/wp-json\/wp\/v2\/media?parent=14054"}],"wp:term":[{"taxonomy":"category","embeddable":true,"href":"https:\/\/elcafedepipa.com\/index.php\/wp-json\/wp\/v2\/categories?post=14054"},{"taxonomy":"post_tag","embeddable":true,"href":"https:\/\/elcafedepipa.com\/index.php\/wp-json\/wp\/v2\/tags?post=14054"}],"curies":[{"name":"wp","href":"https:\/\/api.w.org\/{rel}","templated":true}]}}