{"id":14048,"date":"2025-05-18T16:34:32","date_gmt":"2025-05-18T14:34:32","guid":{"rendered":"https:\/\/elcafedepipa.com\/?p=14048"},"modified":"2025-05-18T16:34:33","modified_gmt":"2025-05-18T14:34:33","slug":"el-pp-exigix-solucions-a-la-pista-de-skate-de-la-vall-que-des-de-la-seua-inauguracio-ha-estat-mes-vegades-tancada-que-oberta","status":"publish","type":"post","link":"https:\/\/elcafedepipa.com\/index.php\/2025\/05\/18\/el-pp-exigix-solucions-a-la-pista-de-skate-de-la-vall-que-des-de-la-seua-inauguracio-ha-estat-mes-vegades-tancada-que-oberta\/","title":{"rendered":"El PP exigix solucions a la pista de skate de la Vall \u201cque des de la seua inauguraci\u00f3 ha estat m\u00e9s vegades tancada que oberta\u201d"},"content":{"rendered":"\n<p>El Partit Popular de la Vall d&#8217;Uix\u00f3 ha tornat a despla\u00e7ar-se fins a les instal\u00b7lacions de la pista de skate per a denunciar que l&#8217;estat de les mateixes \u201ccontinua sent precari i deficient\u201d sense que el govern que lidera Tania Ba\u00f1os siga capa\u00e7 de donar una soluci\u00f3 definitiva. \u201cHui porta m\u00e9s de sis mesos tancada\u201d.<\/p>\n\n\n\n<p>Aix\u00ed ho ha considerat la regidora del PP en la localitat, Marga Marco, qui ha lamentat que la instal\u00b7laci\u00f3, \u201cdes de la seua inauguraci\u00f3, est\u00e0 m\u00e9s tancada que oberta als usuaris\u201d. \u201cPortem diversos anys denunciant la situaci\u00f3 i, en data de hui, els problemes persistixen\u201d.<\/p>\n\n\n\n<p>Marco ha recordat que la infraestructura \u201cnaci\u00f3 amb problemes\u201d. Als pocs mesos de la seua obertura, els usuaris van comen\u00e7ar a traslladar defici\u00e8ncies que \u201chui seguixen sense resoldre&#8217;s i provoquen el tancament\u201d. Una situaci\u00f3 que ha portat al Partit Popular a reclamar un informe t\u00e8cnic que acredite si l&#8217;execuci\u00f3 de l&#8217;obra va ser correcta, \u201cperqu\u00e8 no \u00e9s de rebut que un recurs nou tinga fallades als pocs mesos de la seua posada en marxa. Alguna cosa falla\u201d.<\/p>\n\n\n\n<p>En este sentit, \u201ci tenint en compte que ten\u00edem una garantia d&#8217;obra, des del PP plantegem des del minut zero la necessitat de revisar t\u00e8cnicament l&#8217;execuci\u00f3 del projecte i reclamar, sense cost per a les arques municipals, el finan\u00e7ament de les obres que foren oportunes perqu\u00e8 l&#8217;estat de la instal\u00b7laci\u00f3 fora \u00f2ptim\u201d.<\/p>\n\n\n\n<p>Han passat anys \u201ci hui els problemes persistixen. I el que demanen els usuaris s\u00f3n solucions que, sens dubte, l&#8217;equip de govern de l&#8217;Ajuntament de la Vall d&#8217;Uix\u00f3, amb Tania Ba\u00f1os al capdavant, \u00e9s incapa\u00e7 de reparar\u201d.<\/p>\n\n\n\n<p>En este sentit, Marco ha oferit la gesti\u00f3 del PP \u201cper a demostrar que \u00e9s possible respondre amb solucions als usuaris\u201d. \u201cI fer-ho amb el comprom\u00eds de gestionar i governar el nostre poble amb els cinc sentits. Perqu\u00e8 \u00e9s evident que hui l&#8217;alcaldessa de la Vall est\u00e0 m\u00e9s ocupada en la seua projecci\u00f3 pol\u00edtica que en la seua obligaci\u00f3 com a m\u00e0xima autoritat municipal. I aix\u00ed li va al nostre municipi\u201d, ha concl\u00f2s la regidora del PP.<\/p>\n\n\n\n<p><strong>Una m\u00e9s<\/strong><\/p>\n\n\n\n<p>Pistes danyades, forats en les rampes, danys en la instal\u00b7laci\u00f3 i reparacions formen part d&#8217;un escenari \u201ctancat des de fa m\u00e9s de mig any\u201d. I el problema no afecta nom\u00e9s a esta infraestructura, \u201cel desistiment s&#8217;est\u00e9n per moltes altres\u201d.<\/p>\n\n\n\n<p>Tal com ha explicat Marga Marco, \u201cfa falta prestar una major atenci\u00f3, control i inspecci\u00f3 de les pistes de p\u00e0del, d&#8217;atletisme, la de ciclisme i altres tantes depend\u00e8ncies que els ve\u00efns financen amb els seus impostos\u201d. \u201cNosaltres estem preparats per a demostrar que \u00e9s possible governar amb solucions, enfront dels qui hui donen l&#8217;esquena als problemes\u201d, ha concl\u00f2s la regidora.<\/p>\n","protected":false},"excerpt":{"rendered":"<p>El Partit Popular de la Vall d&#8217;Uix\u00f3 ha tornat a despla\u00e7ar-se fins a les instal\u00b7lacions de la pista de skate per a denunciar que l&#8217;estat de les mateixes \u201ccontinua sent precari i deficient\u201d sense que el govern que lidera Tania Ba\u00f1os siga capa\u00e7 de donar una soluci\u00f3 definitiva. \u201cHui porta m\u00e9s de sis mesos tancada\u201d. &#8230; <a title=\"El PP exigix solucions a la pista de skate de la Vall \u201cque des de la seua inauguraci\u00f3 ha estat m\u00e9s vegades tancada que oberta\u201d\" class=\"read-more\" href=\"https:\/\/elcafedepipa.com\/index.php\/2025\/05\/18\/el-pp-exigix-solucions-a-la-pista-de-skate-de-la-vall-que-des-de-la-seua-inauguracio-ha-estat-mes-vegades-tancada-que-oberta\/\" aria-label=\"M\u00e9s informaci\u00f3 sobre El PP exigix solucions a la pista de skate de la Vall \u201cque des de la seua inauguraci\u00f3 ha estat m\u00e9s vegades tancada que oberta\u201d\">Read more<\/a><\/p>\n","protected":false},"author":2,"featured_media":14049,"comment_status":"closed","ping_status":"closed","sticky":false,"template":"","format":"standard","meta":{"om_disable_all_campaigns":false,"_monsterinsights_skip_tracking":false,"_monsterinsights_sitenote_active":false,"_monsterinsights_sitenote_note":"","_monsterinsights_sitenote_category":0,"_uf_show_specific_survey":0,"_uf_disable_surveys":false,"footnotes":""},"categories":[1],"tags":[],"class_list":["post-14048","post","type-post","status-publish","format-standard","has-post-thumbnail","hentry","category-non-classe"],"_links":{"self":[{"href":"https:\/\/elcafedepipa.com\/index.php\/wp-json\/wp\/v2\/posts\/14048","targetHints":{"allow":["GET"]}}],"collection":[{"href":"https:\/\/elcafedepipa.com\/index.php\/wp-json\/wp\/v2\/posts"}],"about":[{"href":"https:\/\/elcafedepipa.com\/index.php\/wp-json\/wp\/v2\/types\/post"}],"author":[{"embeddable":true,"href":"https:\/\/elcafedepipa.com\/index.php\/wp-json\/wp\/v2\/users\/2"}],"replies":[{"embeddable":true,"href":"https:\/\/elcafedepipa.com\/index.php\/wp-json\/wp\/v2\/comments?post=14048"}],"version-history":[{"count":0,"href":"https:\/\/elcafedepipa.com\/index.php\/wp-json\/wp\/v2\/posts\/14048\/revisions"}],"wp:featuredmedia":[{"embeddable":true,"href":"https:\/\/elcafedepipa.com\/index.php\/wp-json\/wp\/v2\/media\/14049"}],"wp:attachment":[{"href":"https:\/\/elcafedepipa.com\/index.php\/wp-json\/wp\/v2\/media?parent=14048"}],"wp:term":[{"taxonomy":"category","embeddable":true,"href":"https:\/\/elcafedepipa.com\/index.php\/wp-json\/wp\/v2\/categories?post=14048"},{"taxonomy":"post_tag","embeddable":true,"href":"https:\/\/elcafedepipa.com\/index.php\/wp-json\/wp\/v2\/tags?post=14048"}],"curies":[{"name":"wp","href":"https:\/\/api.w.org\/{rel}","templated":true}]}}