{"id":14045,"date":"2025-05-17T21:30:20","date_gmt":"2025-05-17T19:30:20","guid":{"rendered":"https:\/\/elcafedepipa.com\/?p=14045"},"modified":"2025-05-17T21:30:20","modified_gmt":"2025-05-17T19:30:20","slug":"jorge-garcia-nou-secretari-general-del-pspv-en-la-plana-baixa","status":"publish","type":"post","link":"https:\/\/elcafedepipa.com\/index.php\/2025\/05\/17\/jorge-garcia-nou-secretari-general-del-pspv-en-la-plana-baixa\/","title":{"rendered":"Jorge Garc\u00eda nou secretari general del PSPV en la Plana Baixa"},"content":{"rendered":"\n<p><strong><br><\/strong>La nova executiva comarcal del PSPV-PSOE de la Plana Baixa ha comen\u00e7at a caminar aquest dissabte amb la proclamaci\u00f3 de Jorge Garc\u00eda com a nou secretari general. Garc\u00eda relleva en el c\u00e0rrec a Jos\u00e9 Vicente Andr\u00e9s amb el suport absolut del 100% dels delegats i delegades, reunits hui a la Vall d\u2019Uix\u00f3, i inicia aix\u00ed una etapa \u201camb il\u00b7lusi\u00f3, valentia i claredat d\u2019objectius per a convertir el socialisme en la for\u00e7a hegem\u00f2nica i guanyadora de la comarca a les eleccions municipals i auton\u00f2miques de 2027\u201d. \u201cEns reorganitzem per a plantar cara a Maz\u00f3n i tornar a governar amb dignitat i just\u00edcia social\u201d.<\/p>\n\n\n\n<p>Amb un equip renovat i jove, el nou secretari general, regidor a la Vall d\u2019Uix\u00f3, s\u2019ha marcat com a metes \u201crecuperar els ajuntaments, fer de la Plana Baixa una comarca amb veu pr\u00f2pia, retornar la Diputaci\u00f3 a mans socialistes el 2027 i aconseguir que Diana Morant siga la primera presidenta de la Generalitat valenciana\u201d. En aquests objectius tindr\u00e0 al seu costat a Juan Huguet com a secretari d\u2019Organitzaci\u00f3 i d\u2019Acci\u00f3 Electoral i a M\u00aa Carmen Bou de vicesecret\u00e0ria general. La presid\u00e8ncia l\u2019assumir\u00e0 de manera simb\u00f2lica l\u2019ex alcalde d\u2019Onda, Enrique Navarro.<\/p>\n\n\n\n<p>\u201cTenim per davant un cam\u00ed dif\u00edcil, per\u00f2 tamb\u00e9 tenim el vostre suport i la seguretat d\u2019estar al costat correcte de la hist\u00f2ria\u201d, ha concl\u00f2s Garc\u00eda, qui ha apostat per \u201cuna milit\u00e0ncia activa, valenta i compromesa\u201d. \u201cEls socialistes no sabem fer-ho d\u2019una altra manera, prenem partit, i ho fem per a canviar la vida de la gent\u201d, ha ressenyat.<\/p>\n\n\n\n<p>En el seu primer discurs com a l\u00edder comarcal, Jorge Garc\u00eda ha reivindicat el comprom\u00eds dels militants i regidors \u201cper a portar els valors socialistes a cada municipi, a cada carrer i a cada casa\u201d i ha defensat el paper de les comarques en la vertebraci\u00f3 del projecte socialista valenci\u00e0. \u201cAnem a treballar per a cosir el territori i defensar cada ve\u00ed i ve\u00efna i cada poble dels desgavells de les dretes\u201d.<\/p>\n\n\n\n<p>\u201cTenim un president de la Generalitat sense dignitat, que va abandonar els valencians en el pitjor moment de la seua hist\u00f2ria moderna. \u00c9s molt trist haver patit una desgr\u00e0cia tan gran per a comprovar, de nou, que no saben gestionar ni estar al costat de la gent quan m\u00e9s els necessita. Per aix\u00f2, volem votar. Volem votar socialisme com a model de vida, com a motor de just\u00edcia social, d\u2019igualtat d\u2019oportunitats i de dignitat per a totes les persones\u201d.<\/p>\n\n\n\n<p><strong>Suport de Diana Morant, Samuel Falomir i Tania Ba\u00f1os<br><\/strong>El nou equip que liderar\u00e0 la Plana Baixa ha estat ratificat amb la pres\u00e8ncia, i el suport incondicional, de la secret\u00e0ria general del PSPV-PSOE, Diana Morant; el secretari general provincial, Samuel Falomir; i l\u2019alcaldessa de la Vall d\u2019Uix\u00f3 i n\u00famero dos de \u2018Pa\u00eds\u2019, Tania Ba\u00f1os.<\/p>\n\n\n\n<p>En el seu torn de paraula, la l\u00edder socialista i ministra de Ci\u00e8ncia i Innovaci\u00f3 ha defensat que \u201cel veritable govern dels valencians i valencianes \u00e9s el de Pedro S\u00e1nchez\u201d. \u201c\u00c9s el govern d\u2019Espanya qui est\u00e0 invertint en les infraestructures que sempre hem somiat, com el corredor mediterrani, amb un AVE regional que cosir\u00e0 la Comunitat Valenciana, o la protecci\u00f3 del litoral amb les noves esculleres de Moncofa i Almenara\u201d, ha afirmat Morant, qui ha posat el Partit Socialista \u201ccom l\u2019 \u00fanica garantia per a defensar els drets, les empreses i el futur de la ciutadania davant un Consell que ni est\u00e0 ni se l\u2019espera\u201d. \u00c9s per aix\u00f2 que ha reclamat \u201celeccions anticipades\u201d a la Comunitat Valenciana per posar fi a un govern \u201cque nom\u00e9s sap desmantellar drets, que abandona i deixa desprotegida la gent i que gira l\u2019esquena a les v\u00edctimes de la DANA\u201d. \u201cTant de bo poguera vindre ja, perqu\u00e8 a la Comunitat Valenciana fa falta un canvi\u201d, ha afirmat.<\/p>\n\n\n\n<p>Per la seua part, Samuel Falomir ha denunciat \u201cl\u2019arrog\u00e0ncia i la fanfarroneria amb qu\u00e8 governa el PP\u201d i ha advocat per \u201cun canvi pol\u00edtic basat en la dignitat i l\u2019enteniment, com el que representa el PSPV-PSOE\u201d. En aquest sentit, ha fet una crida a recuperar l\u2019impuls socialista als municipis de la comarca i ha marcat com a objectiu \u201crecuperar el tercer diputat provincial al partit judicial de Nules, imprescindible per a recuperar el control de la Diputaci\u00f3 i traure l\u2019odi dels seus despatxos\u201d. Durant el seu discurs, tamb\u00e9 ha tingut paraules de suport per a l\u2019alcaldessa d\u2019Almenara, Est\u00edbaliz P\u00e9rez, davant de \u201cl\u2019ofensiva judicial injusta que est\u00e0 patint i que una vegada m\u00e9s ha quedat desmuntada per la just\u00edcia\u201d. \u201cLa seua honestedat i dedicaci\u00f3 al servei p\u00fablic estan fora de tot dubte\u201d, ha remarcat.<\/p>\n\n\n\n<p>Per \u00faltim, l\u2019amfitriona Tania Ba\u00f1os ha afirmat que \u201cl\u2019alternativa pol\u00edtica al Partit Popular no pot ser Francisco Camps, sin\u00f3 Diana Morant i el Partit Socialista\u201d. La vicesecret\u00e0ria general del PSPV ha advertit que \u201cmentre alguns pretenen presentar com a renovaci\u00f3 un passat que la ciutadania ja va rebutjar, nosaltres treballem des dels ajuntaments per a transformar la vida de la gent, amb un projecte modern, obert, inclusiu i amb visi\u00f3 europea\u201d.<\/p>\n","protected":false},"excerpt":{"rendered":"<p>La nova executiva comarcal del PSPV-PSOE de la Plana Baixa ha comen\u00e7at a caminar aquest dissabte amb la proclamaci\u00f3 de Jorge Garc\u00eda com a nou secretari general. Garc\u00eda relleva en el c\u00e0rrec a Jos\u00e9 Vicente Andr\u00e9s amb el suport absolut del 100% dels delegats i delegades, reunits hui a la Vall d\u2019Uix\u00f3, i inicia aix\u00ed &#8230; <a title=\"Jorge Garc\u00eda nou secretari general del PSPV en la Plana Baixa\" class=\"read-more\" href=\"https:\/\/elcafedepipa.com\/index.php\/2025\/05\/17\/jorge-garcia-nou-secretari-general-del-pspv-en-la-plana-baixa\/\" aria-label=\"M\u00e9s informaci\u00f3 sobre Jorge Garc\u00eda nou secretari general del PSPV en la Plana Baixa\">Read more<\/a><\/p>\n","protected":false},"author":2,"featured_media":14046,"comment_status":"closed","ping_status":"closed","sticky":false,"template":"","format":"standard","meta":{"om_disable_all_campaigns":false,"_monsterinsights_skip_tracking":false,"_monsterinsights_sitenote_active":false,"_monsterinsights_sitenote_note":"","_monsterinsights_sitenote_category":0,"_uf_show_specific_survey":0,"_uf_disable_surveys":false,"footnotes":""},"categories":[1],"tags":[],"class_list":["post-14045","post","type-post","status-publish","format-standard","has-post-thumbnail","hentry","category-non-classe"],"_links":{"self":[{"href":"https:\/\/elcafedepipa.com\/index.php\/wp-json\/wp\/v2\/posts\/14045","targetHints":{"allow":["GET"]}}],"collection":[{"href":"https:\/\/elcafedepipa.com\/index.php\/wp-json\/wp\/v2\/posts"}],"about":[{"href":"https:\/\/elcafedepipa.com\/index.php\/wp-json\/wp\/v2\/types\/post"}],"author":[{"embeddable":true,"href":"https:\/\/elcafedepipa.com\/index.php\/wp-json\/wp\/v2\/users\/2"}],"replies":[{"embeddable":true,"href":"https:\/\/elcafedepipa.com\/index.php\/wp-json\/wp\/v2\/comments?post=14045"}],"version-history":[{"count":0,"href":"https:\/\/elcafedepipa.com\/index.php\/wp-json\/wp\/v2\/posts\/14045\/revisions"}],"wp:featuredmedia":[{"embeddable":true,"href":"https:\/\/elcafedepipa.com\/index.php\/wp-json\/wp\/v2\/media\/14046"}],"wp:attachment":[{"href":"https:\/\/elcafedepipa.com\/index.php\/wp-json\/wp\/v2\/media?parent=14045"}],"wp:term":[{"taxonomy":"category","embeddable":true,"href":"https:\/\/elcafedepipa.com\/index.php\/wp-json\/wp\/v2\/categories?post=14045"},{"taxonomy":"post_tag","embeddable":true,"href":"https:\/\/elcafedepipa.com\/index.php\/wp-json\/wp\/v2\/tags?post=14045"}],"curies":[{"name":"wp","href":"https:\/\/api.w.org\/{rel}","templated":true}]}}