{"id":14033,"date":"2025-05-16T13:54:27","date_gmt":"2025-05-16T11:54:27","guid":{"rendered":"https:\/\/elcafedepipa.com\/?p=14033"},"modified":"2025-05-16T13:54:28","modified_gmt":"2025-05-16T11:54:28","slug":"el-pspv-denuncia-que-borriana-pagara-el-fracas-del-pla-de-neteja-de-pp-i-vox-amb-una-taxa-de-grua-que-es-dispara-fins-als-134-euros","status":"publish","type":"post","link":"https:\/\/elcafedepipa.com\/index.php\/2025\/05\/16\/el-pspv-denuncia-que-borriana-pagara-el-fracas-del-pla-de-neteja-de-pp-i-vox-amb-una-taxa-de-grua-que-es-dispara-fins-als-134-euros\/","title":{"rendered":"El PSPV denuncia que Borriana pagar\u00e0 \u201cel frac\u00e0s del pla de neteja de PP i VOX\u201d amb una taxa de grua que es dispara fins als 134 euros"},"content":{"rendered":"\n<p>El PSPV-PSOE de Borriana ha denunciat la \u201cincoher\u00e8ncia i engany\u201d del bipartit PP-VOX despr\u00e9s d\u2019aprovar en solitari en l\u2019\u00faltim ple una pujada \u201cdesorbitada\u201d de fins al 130% de les taxes de la grua i de la cust\u00f2dia de vehicles, \u201cuna posici\u00f3 radicalment en contra de les seues pr\u00f2pies promeses de rebaixar la pressi\u00f3 fiscal a la ciutadania\u201d.<\/p>\n\n\n\n<p>La regidora socialista Cristina Rius va desmuntar en el plenari l\u2019argumentari del govern de Jorge Monferrer, a qui acusa de \u201ctra\u00efci\u00f3 fiscal\u201d per haver incrementat la taxa de retirada de vehicles de la via p\u00fablica un 58%, passant de 85 a 134 euros en el cas dels turismes, i m\u00e9s del 130% en la cust\u00f2dia di\u00e0ria, de 4 a 9 euros al dia.<\/p>\n\n\n\n<p>\u201cDurant huit anys, el PP i VOX van exigir rebaixes fiscals sense fonament, amb propostes que fins i tot vulneraven la legalitat, i ara que governen no nom\u00e9s no han aplicat cap rebaixa, sin\u00f3 que fan tot el contrari, carregar sobre la gent pujades desproporcionades\u201d, ha lamentat Rius.<\/p>\n\n\n\n<p>Segons la representant socialista, la justificaci\u00f3 de l\u2019increment per l\u2019encariment del servei \u201cno s\u2019aguanta\u201d. \u201cEns diuen que la grua costa m\u00e9s, per\u00f2 no expliquen que aquest cost ve d\u2019un pla de xoc de neteja que suposa uns 40.000 euros anuals i que, segons ells, no ens anava a costar ni un euro. Al final s\u00ed que ens costa, pagarem el seu frac\u00e0s entre tots amb m\u00e9s impostos\u201d.<\/p>\n\n\n\n<p>Cristina Rius ha insistit que \u201cla pujada \u00e9s injusta i innecess\u00e0ria\u201d i ha assenyalat que el servei de neteja no ha millorat amb el \u201cnou pla de xoc\u201d. \u201cBorriana continua igual de neta \u2013o bruta\u2013 que abans, per\u00f2 amb la difer\u00e8ncia que, ara, la ciutadania viu amb por de deixar el cotxe al carrer per si se l\u2019emporta la grua\u201d.<\/p>\n\n\n\n<p>La posici\u00f3 del PSPV ha estat no aprovar la modificaci\u00f3 de l\u2019ordenan\u00e7a fiscal. \u201cNo es pot governar traint els compromisos electorals. Han faltat a la seua paraula i ho acabem pagant els borrianencs i borrianenques\u201d.<\/p>\n","protected":false},"excerpt":{"rendered":"<p>El PSPV-PSOE de Borriana ha denunciat la \u201cincoher\u00e8ncia i engany\u201d del bipartit PP-VOX despr\u00e9s d\u2019aprovar en solitari en l\u2019\u00faltim ple una pujada \u201cdesorbitada\u201d de fins al 130% de les taxes de la grua i de la cust\u00f2dia de vehicles, \u201cuna posici\u00f3 radicalment en contra de les seues pr\u00f2pies promeses de rebaixar la pressi\u00f3 fiscal a &#8230; <a title=\"El PSPV denuncia que Borriana pagar\u00e0 \u201cel frac\u00e0s del pla de neteja de PP i VOX\u201d amb una taxa de grua que es dispara fins als 134 euros\" class=\"read-more\" href=\"https:\/\/elcafedepipa.com\/index.php\/2025\/05\/16\/el-pspv-denuncia-que-borriana-pagara-el-fracas-del-pla-de-neteja-de-pp-i-vox-amb-una-taxa-de-grua-que-es-dispara-fins-als-134-euros\/\" aria-label=\"M\u00e9s informaci\u00f3 sobre El PSPV denuncia que Borriana pagar\u00e0 \u201cel frac\u00e0s del pla de neteja de PP i VOX\u201d amb una taxa de grua que es dispara fins als 134 euros\">Read more<\/a><\/p>\n","protected":false},"author":2,"featured_media":14037,"comment_status":"closed","ping_status":"closed","sticky":false,"template":"","format":"standard","meta":{"om_disable_all_campaigns":false,"_monsterinsights_skip_tracking":false,"_monsterinsights_sitenote_active":false,"_monsterinsights_sitenote_note":"","_monsterinsights_sitenote_category":0,"_uf_show_specific_survey":0,"_uf_disable_surveys":false,"footnotes":""},"categories":[10],"tags":[],"class_list":["post-14033","post","type-post","status-publish","format-standard","has-post-thumbnail","hentry","category-provinciadecastello"],"_links":{"self":[{"href":"https:\/\/elcafedepipa.com\/index.php\/wp-json\/wp\/v2\/posts\/14033","targetHints":{"allow":["GET"]}}],"collection":[{"href":"https:\/\/elcafedepipa.com\/index.php\/wp-json\/wp\/v2\/posts"}],"about":[{"href":"https:\/\/elcafedepipa.com\/index.php\/wp-json\/wp\/v2\/types\/post"}],"author":[{"embeddable":true,"href":"https:\/\/elcafedepipa.com\/index.php\/wp-json\/wp\/v2\/users\/2"}],"replies":[{"embeddable":true,"href":"https:\/\/elcafedepipa.com\/index.php\/wp-json\/wp\/v2\/comments?post=14033"}],"version-history":[{"count":0,"href":"https:\/\/elcafedepipa.com\/index.php\/wp-json\/wp\/v2\/posts\/14033\/revisions"}],"wp:featuredmedia":[{"embeddable":true,"href":"https:\/\/elcafedepipa.com\/index.php\/wp-json\/wp\/v2\/media\/14037"}],"wp:attachment":[{"href":"https:\/\/elcafedepipa.com\/index.php\/wp-json\/wp\/v2\/media?parent=14033"}],"wp:term":[{"taxonomy":"category","embeddable":true,"href":"https:\/\/elcafedepipa.com\/index.php\/wp-json\/wp\/v2\/categories?post=14033"},{"taxonomy":"post_tag","embeddable":true,"href":"https:\/\/elcafedepipa.com\/index.php\/wp-json\/wp\/v2\/tags?post=14033"}],"curies":[{"name":"wp","href":"https:\/\/api.w.org\/{rel}","templated":true}]}}