{"id":14029,"date":"2025-05-16T13:50:38","date_gmt":"2025-05-16T11:50:38","guid":{"rendered":"https:\/\/elcafedepipa.com\/?p=14029"},"modified":"2025-05-16T13:50:39","modified_gmt":"2025-05-16T11:50:39","slug":"jo-compre-a-la-vall-posa-en-circulacio-4-000-euros-amb-la-campanya-del-rasca","status":"publish","type":"post","link":"https:\/\/elcafedepipa.com\/index.php\/2025\/05\/16\/jo-compre-a-la-vall-posa-en-circulacio-4-000-euros-amb-la-campanya-del-rasca\/","title":{"rendered":"Jo Compre a la Vall posa en circulaci\u00f3 4.000 euros amb la campanya del rasca"},"content":{"rendered":"\n<p><strong>L\u2019associaci\u00f3 Jo Compre a la Vall ha presentat la tercera edici\u00f3 de Rasca Vall<\/strong>, una iniciativa que posa en circulaci\u00f3 4.000 euros i que compta amb la col\u00b7laboraci\u00f3 de l\u2019Ajuntament de la Vall d\u2019Uix\u00f3 i de Caixa La Vall per a fomentar i dinamitzar les compres en el comer\u00e7 local durant les pr\u00f2ximes setmanes.<\/p>\n\n\n\n<p>Aquesta campanya ofereix la possibilitat d\u2019aconseguir premis directes en forma de descomptes o de targetes regal (de fins a 500 euros) per a gastar en els comer\u00e7os adherits a Jo Compre a la Vall. Amb cada compra es rebr\u00e0 un rasca, premiant aix\u00ed els clients i clientes i donant-los un motiu m\u00e9s per a comprar al municipi.<\/p>\n\n\n\n<p>Aquesta acci\u00f3 directa t\u00e9 el doble objectiu d\u2019incentivar les compres de proximitat i de fomentar l\u2019economia circular, de manera que una part de les compres es reinvertisca a la Vall. En la presentaci\u00f3 han participat el regidor de Comer\u00e7, <strong>Fernando Dar\u00f2s<\/strong>, el membre de Jo Compre a la Vall <strong>Miguel Ortega<\/strong> i el director de Caixa La Vall, <strong>Arturo Jim\u00e9nez<\/strong>.<\/p>\n\n\n\n<figure class=\"wp-block-image\"><img decoding=\"async\" src=\"https:\/\/attachment.outlook.live.net\/owa\/MSA%3Acc5365c3f7dd9ce4d9b90e6c827db01b594c6660eeea802e5a4261ecbb1a3b77%40shadow.outlook.com\/service.svc\/s\/GetAttachmentThumbnail?id=AQMkAGM4YzkwMAItZGZjOC1jNTQ1LTAwAi0wMAoARgAAA9cCEmx8MKRJt8qcbetlCk8HALfylbCfFZBMsjL0Guod8mwAAAIBDAAAALfylbCfFZBMsjL0Guod8mwAAACza%2BstAAAAARIAEACFwO3tAHCneUKbFT0kgRuF7g%3D%3D&amp;thumbnailType=2&amp;isc=1&amp;token=eyJhbGciOiJSUzI1NiIsInR5cCI6IkpXVCIsImtpZCI6Im9iMEVQbUNXVHJhZFVXL2x2SFFpL045VkJvUT0iLCJ4NXQiOiJvYjBFUG1DV1RyYWRVVy9sdkhRaS9OOVZCb1E9Iiwibm9uY2UiOiJscDJWVkRpendOUkRhSzViLWZoLUd1TkNRSWFhWnRNQ3dCbXFjYkxZNHd4dzJtdkluUWlxNWU4bE91SUZ5ZnZYOEpKdWF1Mzg1UWEzWFRKZzBFTVY4Q19RWUotWDhURHl4U21tblRnQzRKSW9DaE1xTUNJbVF3dFl2dDY0dkpjMlJRYXFxOWl2c0Y3MjhBNDMtMmVueGZfY0ZnakV0cmhMcFpFSHdBYmhBaXciLCJpc3Nsb2MiOiJBTTZQUjA4TUI0MjMyIiwic3JzbiI6NjM4ODI1ODYyMDg4NjgzNDg4fQ.eyJzYXAtdmVyc2lvbiI6IjMyIiwiYXBwaWQiOiJhZjNlYmJiYS1jMjNmLTQ5MmEtYWE5My04MzQyMTY5NmVjNGIiLCJpc3NyaW5nIjoiV1ciLCJhcHBpZGFjciI6IjIiLCJhcHBfZGlzcGxheW5hbWUiOiIiLCJ1dGkiOiI2OGRiNGJjNS0zMjg2LTQzMDQtYTI3My00MGMyMmI5MDgxNjciLCJpYXQiOjE3NDczOTU5OTUsInZlciI6IlNUSS5Vc2VyLkNhbGxiYWNrVG9rZW4uVjEiLCJ0aWQiOiI4NGRmOWU3ZmU5ZjY0MGFmYjQzNWFhYWFhYWFhYWFhYSIsInRydXN0ZWRmb3JkZWxlZ2F0aW9uIjoiZmFsc2UiLCJ0b3BvbG9neSI6IntcIlR5cGVcIjpcIk1hY2hpbmVcIixcIlZhbHVlXCI6XCJBTTZQUjA4TUI0MjMyLmV1cnByZDA4LnByb2Qub3V0bG9vay5jb21cIn0iLCJyZXF1ZXN0b3JfYXBwaWQiOiIxNTdjZGZiZi03Mzk4LTRhNTYtOTZjMy1lOTNlOWFiMzA5YjUiLCJyZXF1ZXN0b3JfYXBwX2Rpc3BsYXluYW1lIjoiT2ZmaWNlIDM2NSBFeGNoYW5nZSBNaWNyb3NlcnZpY2UiLCJzY3AiOiJPd2FBdHRhY2htZW50cy5SZWFkIiwib2lkIjoiYzhjOTAwMDAtZGZjOC1jNTQ1LTAwMDAtMDAwMDAwMDAwMDAwIiwicHVpZCI6IkM4QzkwMDAwREZDOEM1NDUiLCJzbXRwIjoiY2M1MzY1YzNmN2RkOWNlNGQ5YjkwZTZjODI3ZGIwMWI1OTRjNjY2MGVlZWE4MDJlNWE0MjYxZWNiYjFhM2I3N0BzaGFkb3cub3V0bG9vay5jb20iLCJ1cG4iOiJjYzUzNjVjM2Y3ZGQ5Y2U0ZDliOTBlNmM4MjdkYjAxYjU5NGM2NjYwZWVlYTgwMmU1YTQyNjFlY2JiMWEzYjc3QHNoYWRvdy5vdXRsb29rLmNvbSIsInVzZXJjYWxsYmFja3VzZXJjb250ZXh0aWQiOiJhOWZmOGVkODI1ZGI0YjhmYTNjYWNkMTJhNWViMDM2YyIsImVwayI6IntcImt0eVwiOlwiUlNBXCIsXCJuXCI6XCJyLTJlbThRaldRcXlvbXdyaGNSQzJHMktQbnFldUxXRGpWa2FobWZTS2E1bGFzVVhYbHhWRV9mUEVDNy1RZ1UtWVIzRUpYSGpnWU5QN2xreXZzQzVjMXZTTmI3eDhlVkRxNnZVWDRwWkd1dXRsSWh0X3VIN0NEMEVwcHhkSXNGZ3gzMkk3SENmSGNkeFYxdlFMWFBMbGNPdGtuUTE5WU1yTktuZ2haQzh6bGloZnVQRlpkNGhiM25WZS1hcXlrWkFWSjZyOXJQdzk5RWdsOUxRLThacGNrWlhEQS1BakZVanduUTkzNmUyT0xobFFmYmdzNFVXMnlPTmJxUnhPVnhpQUo4N3JiaDN0T0NOdTBQS0N3VE9iUGc5WGduQWdMdElmS2liRGlqc0Utb3ZMZUNMYUd4X1MxT3d4bUZId0NLLUREX2xQUHZ4eXMwVzBWU25zZ1F5ZFFcIixcImVcIjpcIkFRQUJcIixcImFsZ1wiOlwiUlMyNTZcIixcImV4cFwiOlwiMTc0NzQ4NTQwMlwiLFwiZXhwX2RpZmZcIjpcIjg2NDAwXCIsXCJraWRcIjpcIlhYQWNSclJrWHRxcHJxc0JsUXhiX0VYc0Z3MFwifS5tTEZCa2cxRlJidFE3bUZSdjdJZFIzRStuQmI2NFA5aDZBalA1Y2c1OWZwWUtNanVGQ0tJZ3NybHo0eFhUNnVpMkVqZmFybWZybEdUUjFuNWFoQzFTYm85WkRSTkpSM1pHTGJ2eStnU0I0ZXVkcXFtUXV5Njh1ZlI5S2RDUTRzdkNwZm9vVCtnS1BIL3U3bU5xQmJmV005bnBrMmVZWG9nRFh0VzU0cXJnZ0s2cE1aK0FweUt4WWJjV2JKRlNIdHNoSGxpeE9WSmRPdDZ4RVRnaEhTelhqYlA1RkVsck1jejlHUkZXUmdGYmtQeUNWWEYySjRpZlJaaU1XK1NlK3hYMGUvc2hPMEtlVklYbWVSd0kxaXdRKzliaEJlYUZGVDZoRXh0S1BFait0UWhra3hxL0VOVE9EYnBhMytIMGJXSG1mUkk3aG5wZWNlWVFlMDAzTDNCQ2c9PSIsIm5iZiI6MTc0NzM5NTk5NSwiZXhwIjoxNzQ3Mzk2Mjk1LCJpc3MiOiJodHRwczovL3N1YnN0cmF0ZS5vZmZpY2UuY29tL3N0cy8iLCJhdWQiOiJodHRwczovL291dGxvb2sub2ZmaWNlLmNvbSIsInNzZWMiOiJFN2pXcFJzdkJUMUFmZ013In0.kTG3zkwm-XjgHKWnRn_SxL_0mzG40FhVuXVicIHsaNgL2R8DcR0t7Q6r9YxuuqOew2xrM3xb9NACZ0vkpXuLPKcdg88cxDh4Wdxisegc_uR5ImqcfmqXaAUFlX0xOP9SAMA7gcu-1pfwpseQfUpZbW4gdOTcScppwcQoEffst7ncxYieX1tD1qr7LqVmYGmz-Z_yJZXxP6sx_N9VJX9G64TRcJ0iVACqSJrNi-hu-fviPHNF2d0gQt5zSLNyrNr1bpu9WOxmeNhfQ0Hm1oI06Yw8kGWQmpPk9Hm3hNcIVwWXCD-w4fQ1SG2iQC-KEIESf5qfXUbMzR0QYolfZ4ejvQ&amp;X-OWA-CANARY=X-OWA-CANARY_cookie_is_null_or_empty&amp;owa=outlook.office.com&amp;scriptVer=20250509011.02&amp;clientId=9D102550BD6B4DD893AD89D9C51CE92B&amp;animation=true&amp;persistenceId=dfe7cb4f-a6bf-4148-b72c-84af090c5629\" alt=\"Visualitzaci\u00f3 pr\u00e8via de la imatge\"\/><\/figure>\n","protected":false},"excerpt":{"rendered":"<p>L\u2019associaci\u00f3 Jo Compre a la Vall ha presentat la tercera edici\u00f3 de Rasca Vall, una iniciativa que posa en circulaci\u00f3 4.000 euros i que compta amb la col\u00b7laboraci\u00f3 de l\u2019Ajuntament de la Vall d\u2019Uix\u00f3 i de Caixa La Vall per a fomentar i dinamitzar les compres en el comer\u00e7 local durant les pr\u00f2ximes setmanes. Aquesta &#8230; <a title=\"Jo Compre a la Vall posa en circulaci\u00f3 4.000 euros amb la campanya del rasca\" class=\"read-more\" href=\"https:\/\/elcafedepipa.com\/index.php\/2025\/05\/16\/jo-compre-a-la-vall-posa-en-circulacio-4-000-euros-amb-la-campanya-del-rasca\/\" aria-label=\"M\u00e9s informaci\u00f3 sobre Jo Compre a la Vall posa en circulaci\u00f3 4.000 euros amb la campanya del rasca\">Read more<\/a><\/p>\n","protected":false},"author":2,"featured_media":14031,"comment_status":"closed","ping_status":"closed","sticky":false,"template":"","format":"standard","meta":{"om_disable_all_campaigns":false,"_monsterinsights_skip_tracking":false,"_monsterinsights_sitenote_active":false,"_monsterinsights_sitenote_note":"","_monsterinsights_sitenote_category":0,"_uf_show_specific_survey":0,"_uf_disable_surveys":false,"footnotes":""},"categories":[2],"tags":[],"class_list":["post-14029","post","type-post","status-publish","format-standard","has-post-thumbnail","hentry","category-lavallduixo"],"_links":{"self":[{"href":"https:\/\/elcafedepipa.com\/index.php\/wp-json\/wp\/v2\/posts\/14029","targetHints":{"allow":["GET"]}}],"collection":[{"href":"https:\/\/elcafedepipa.com\/index.php\/wp-json\/wp\/v2\/posts"}],"about":[{"href":"https:\/\/elcafedepipa.com\/index.php\/wp-json\/wp\/v2\/types\/post"}],"author":[{"embeddable":true,"href":"https:\/\/elcafedepipa.com\/index.php\/wp-json\/wp\/v2\/users\/2"}],"replies":[{"embeddable":true,"href":"https:\/\/elcafedepipa.com\/index.php\/wp-json\/wp\/v2\/comments?post=14029"}],"version-history":[{"count":0,"href":"https:\/\/elcafedepipa.com\/index.php\/wp-json\/wp\/v2\/posts\/14029\/revisions"}],"wp:featuredmedia":[{"embeddable":true,"href":"https:\/\/elcafedepipa.com\/index.php\/wp-json\/wp\/v2\/media\/14031"}],"wp:attachment":[{"href":"https:\/\/elcafedepipa.com\/index.php\/wp-json\/wp\/v2\/media?parent=14029"}],"wp:term":[{"taxonomy":"category","embeddable":true,"href":"https:\/\/elcafedepipa.com\/index.php\/wp-json\/wp\/v2\/categories?post=14029"},{"taxonomy":"post_tag","embeddable":true,"href":"https:\/\/elcafedepipa.com\/index.php\/wp-json\/wp\/v2\/tags?post=14029"}],"curies":[{"name":"wp","href":"https:\/\/api.w.org\/{rel}","templated":true}]}}