{"id":14017,"date":"2025-05-18T14:00:00","date_gmt":"2025-05-18T12:00:00","guid":{"rendered":"https:\/\/elcafedepipa.com\/?p=14017"},"modified":"2025-05-16T12:47:11","modified_gmt":"2025-05-16T10:47:11","slug":"la-planta-de-tractament-dalgimia-dalfara-i-la-xarxa-decoparcs-del-consorci-palancia-belcaire-baten-records","status":"publish","type":"post","link":"https:\/\/elcafedepipa.com\/index.php\/2025\/05\/18\/la-planta-de-tractament-dalgimia-dalfara-i-la-xarxa-decoparcs-del-consorci-palancia-belcaire-baten-records\/","title":{"rendered":"La planta de tractament d\u2019Alg\u00edmia d\u2019Alfara i la xarxa d\u2019ecoparcs del Consorci Pal\u00e0ncia Belcaire baten r\u00e8cords."},"content":{"rendered":"\n<p>El Consorci Pal\u00e0ncia Belcaire reivindica el valor del reciclatge com a eina essencial per a abordar l\u2019emerg\u00e8ncia clim\u00e0tica i protegir els recursos naturals. I ho fa amb resultats objectius: l\u2019any 2024 ha aconseguit superar els objectius de reciclatge establerts per a l\u2019any 2025 en la normativa vigent.<\/p>\n\n\n\n<p>La planta de tractament de residus urbans i dom\u00e8stics d\u2019Alg\u00edmia d\u2019Alfara, pe\u00e7a clau de l\u2019entitat, ha assolit una taxa de valoritzaci\u00f3 del 56,14%, superant el m\u00ednim legal del 55% fixat per a l\u2019any vinent. A m\u00e9s, ha registrat una taxa d\u2019eliminaci\u00f3 del 30,90%, molt per davall del l\u00edmit m\u00e0xim del 40% que marca la legislaci\u00f3. Aquestes dades consoliden aquesta instal\u00b7laci\u00f3 com la de major rendiment de la Comunitat Valenciana.<\/p>\n\n\n\n<p>Per la seua banda, la xarxa d\u2019ecoparcs ha incrementat un 11,8% els residus gestionats durant 2024, reduint aix\u00ed el rebuig a abocador, amb l\u2019objectiu de promoure l\u2019economia circular necess\u00e0ria.<\/p>\n\n\n\n<p>Des de la seua posada en marxa l\u2019any 2012, el Consorci Pal\u00e0ncia Belcaire ha centrat la seua estrat\u00e8gia en els dos primers pilars de la jerarquia de residus: reutilitzar i reciclar. Al llarg d\u2019aquests anys, ha invertit de manera sostinguda en el manteniment, l\u2019optimitzaci\u00f3 i la modernitzaci\u00f3 dels seus sistemes de separaci\u00f3 i valoritzaci\u00f3, integrant noves Millors T\u00e8cniques Disponibles (MTD) que milloren els processos de classificaci\u00f3, recuperaci\u00f3 i tractament de residus.<\/p>\n\n\n\n<p>Una de les claus de l\u2019\u00e8xit d\u2019aquest model \u00e9s la incorporaci\u00f3 de tecnologies avan\u00e7ades, com ara sistemes automatitzats de selecci\u00f3 i solucions basades en intel\u00b7lig\u00e8ncia artificial. Aquestes eines permeten optimitzar l\u2019aprofitament dels materials, reduir al m\u00ednim els residus que acaben en abocador i millorar l\u2019efici\u00e8ncia operativa de les instal\u00b7lacions.<\/p>\n\n\n\n<p>L\u2019estrat\u00e8gia del consorci no es limita al compliment normatiu. Va m\u00e9s enll\u00e0, amb una clara voluntat de liderar el canvi cap a una economia circular on els residus es transformen en recursos i on cada fracci\u00f3 recuperada supose una reducci\u00f3 de l\u2019impacte ambiental. Aquesta filosofia situa el Consorci Pal\u00e0ncia Belcaire com un exemple de gesti\u00f3 p\u00fablica efica\u00e7, sostenible i innovadora.<\/p>\n\n\n\n<p>En el context del Dia Mundial del Reciclatge, el consorci recorda que el reciclatge no \u00e9s nom\u00e9s una obligaci\u00f3 administrativa o una pr\u00e0ctica desitjable: \u00e9s una acci\u00f3 necess\u00e0ria i urgent per a frenar la sobreexplotaci\u00f3 dels recursos naturals, reduir la contaminaci\u00f3 i combatre el canvi clim\u00e0tic. I \u00e9s tamb\u00e9 una responsabilitat compartida entre administracions, empreses i ciutadania.<\/p>\n\n\n\n<p>\u201cL\u2019esfor\u00e7 conjunt dels municipis consorciats, el comprom\u00eds t\u00e8cnic de les instal\u00b7lacions i la implicaci\u00f3 de la poblaci\u00f3 en la separaci\u00f3 en origen s\u00f3n els pilars d\u2019aquests resultats\u201d, destaquen des de l\u2019entitat.<\/p>\n\n\n\n<p>Amb 56 municipis integrats i m\u00e9s de 200.000 habitants en el seu \u00e0mbit de gesti\u00f3, el Consorci Pal\u00e0ncia Belcaire continua demostrant que \u00e9s possible assolir alts nivells de rendiment ambiental sense renunciar a l\u2019efici\u00e8ncia econ\u00f2mica ni a la innovaci\u00f3 tecnol\u00f2gica. En definitiva, un model d\u2019\u00e8xit replicable en altres territoris que vulguen avan\u00e7ar cap a una gesti\u00f3 de residus m\u00e9s responsable, moderna i alineada amb els desafiaments del segle XXI.<\/p>\n","protected":false},"excerpt":{"rendered":"<p>El Consorci Pal\u00e0ncia Belcaire reivindica el valor del reciclatge com a eina essencial per a abordar l\u2019emerg\u00e8ncia clim\u00e0tica i protegir els recursos naturals. I ho fa amb resultats objectius: l\u2019any 2024 ha aconseguit superar els objectius de reciclatge establerts per a l\u2019any 2025 en la normativa vigent. La planta de tractament de residus urbans i &#8230; <a title=\"La planta de tractament d\u2019Alg\u00edmia d\u2019Alfara i la xarxa d\u2019ecoparcs del Consorci Pal\u00e0ncia Belcaire baten r\u00e8cords.\" class=\"read-more\" href=\"https:\/\/elcafedepipa.com\/index.php\/2025\/05\/18\/la-planta-de-tractament-dalgimia-dalfara-i-la-xarxa-decoparcs-del-consorci-palancia-belcaire-baten-records\/\" aria-label=\"M\u00e9s informaci\u00f3 sobre La planta de tractament d\u2019Alg\u00edmia d\u2019Alfara i la xarxa d\u2019ecoparcs del Consorci Pal\u00e0ncia Belcaire baten r\u00e8cords.\">Read more<\/a><\/p>\n","protected":false},"author":2,"featured_media":14020,"comment_status":"closed","ping_status":"closed","sticky":false,"template":"","format":"standard","meta":{"om_disable_all_campaigns":false,"_monsterinsights_skip_tracking":false,"_monsterinsights_sitenote_active":false,"_monsterinsights_sitenote_note":"","_monsterinsights_sitenote_category":0,"_uf_show_specific_survey":0,"_uf_disable_surveys":false,"footnotes":""},"categories":[11],"tags":[],"class_list":["post-14017","post","type-post","status-publish","format-standard","has-post-thumbnail","hentry","category-comunitatvalenciana"],"_links":{"self":[{"href":"https:\/\/elcafedepipa.com\/index.php\/wp-json\/wp\/v2\/posts\/14017","targetHints":{"allow":["GET"]}}],"collection":[{"href":"https:\/\/elcafedepipa.com\/index.php\/wp-json\/wp\/v2\/posts"}],"about":[{"href":"https:\/\/elcafedepipa.com\/index.php\/wp-json\/wp\/v2\/types\/post"}],"author":[{"embeddable":true,"href":"https:\/\/elcafedepipa.com\/index.php\/wp-json\/wp\/v2\/users\/2"}],"replies":[{"embeddable":true,"href":"https:\/\/elcafedepipa.com\/index.php\/wp-json\/wp\/v2\/comments?post=14017"}],"version-history":[{"count":0,"href":"https:\/\/elcafedepipa.com\/index.php\/wp-json\/wp\/v2\/posts\/14017\/revisions"}],"wp:featuredmedia":[{"embeddable":true,"href":"https:\/\/elcafedepipa.com\/index.php\/wp-json\/wp\/v2\/media\/14020"}],"wp:attachment":[{"href":"https:\/\/elcafedepipa.com\/index.php\/wp-json\/wp\/v2\/media?parent=14017"}],"wp:term":[{"taxonomy":"category","embeddable":true,"href":"https:\/\/elcafedepipa.com\/index.php\/wp-json\/wp\/v2\/categories?post=14017"},{"taxonomy":"post_tag","embeddable":true,"href":"https:\/\/elcafedepipa.com\/index.php\/wp-json\/wp\/v2\/tags?post=14017"}],"curies":[{"name":"wp","href":"https:\/\/api.w.org\/{rel}","templated":true}]}}