{"id":14014,"date":"2025-05-16T12:07:09","date_gmt":"2025-05-16T10:07:09","guid":{"rendered":"https:\/\/elcafedepipa.com\/?p=14014"},"modified":"2025-05-16T12:07:10","modified_gmt":"2025-05-16T10:07:10","slug":"marta-barrachina-reivindica-a-vila-real-la-gestio-i-les-solucions-que-aporta-el-pp-davant-el-bloqueig-dun-govern-en-crisi","status":"publish","type":"post","link":"https:\/\/elcafedepipa.com\/index.php\/2025\/05\/16\/marta-barrachina-reivindica-a-vila-real-la-gestio-i-les-solucions-que-aporta-el-pp-davant-el-bloqueig-dun-govern-en-crisi\/","title":{"rendered":"Marta Barrachina reivindica a Vila-real \u201cla gesti\u00f3 i les solucions\u201d que aporta el PP davant el bloqueig d\u2019un govern en crisi"},"content":{"rendered":"\n<p>&#8220;Som el futur de Vila-real&#8221;. Aix\u00ed ho ha declarat la l\u00edder provincial del PPCS, Marta Barrachina, que hui s\u2019ha despla\u00e7at fins a la ciutat per a compartir, amb m\u00e9s de 400 ve\u00efns de Vila-real, \u201cla gesti\u00f3 i les solucions\u201d que el PP garanteix davant un govern en crisi.<\/p>\n\n\n\n<p>En la seua intervenci\u00f3 davant els assistents, Marta Barrachina no ha ocultat que \u00e9s \u201cmolt greu el que est\u00e0 ocorrent en el govern de Vila-real\u201d. Els dos partits socis, PSOE i Comprom\u00eds, \u201cviuen entre mentides, den\u00fancies, tensions i disputes. Estan de sortida\u201d, ha declarat la m\u00e0xima autoritat del PP a la prov\u00edncia de Castell\u00f3.<\/p>\n\n\n\n<p>Per a Marta Barrachina, \u201cnom\u00e9s el PP \u00e9s futur per a la ciutat\u201d, amb Adri\u00e1n Casab\u00f3, \u201cperqu\u00e8 el seu projecte \u00e9s el de la gesti\u00f3 amb vocaci\u00f3 ciutadana\u201d davant un pacte \u201cque fa olor de protagonismes\u201d. \u201cL\u2019\u00fanic que importa \u00e9s Vila-real, i \u00e9s precisament de qui s\u2019han oblidat els dos partits que hui s\u2019enreden en el govern: PSOE i Comprom\u00eds\u201d, ha manifestat.<\/p>\n\n\n\n<p>La l\u00edder provincial ha celebrat amb els ve\u00efns unes festes \u201cque s\u00f3n poder i m\u00fascul d\u2019una ciutat imparable que hui est\u00e0 bloquejada perqu\u00e8 el seu alcalde ni tan sols ha aprovat uns pressupostos\u201d.<\/p>\n\n\n\n<p>I davant aquest escenari, Marta Barrachina defensa que \u201ctot el bo est\u00e0 per arribar\u201d. \u201cLa gesti\u00f3 al servei de les persones\u201d, la que exerceix la Generalitat Valenciana i la Diputaci\u00f3 Provincial de Castell\u00f3, i \u201cla que governar\u00e0 aquesta gran ciutat, perqu\u00e8 Vila-real necessita tindre pol\u00edtics al seu servei, no pol\u00edtics que se\u2019n servisquen\u201d, ha afegit.<\/p>\n\n\n\n<p>Per la seua banda, el portaveu del PP de Vila-real, Adri\u00e1n Casab\u00f3, ha agra\u00eft als ve\u00efns i representants de les associacions locals la seua assist\u00e8ncia a aquest esdeveniment. A m\u00e9s, Casab\u00f3 ha assenyalat que \u201cdavant el caos en la gesti\u00f3 i l\u2019enfrontament pol\u00edtic d\u2019un govern esgotat, el projecte preparat del Partit Popular est\u00e0 llest per a liderar el canvi a Vila-real\u201d.<\/p>\n\n\n\n<hr class=\"wp-block-separator has-alpha-channel-opacity\"\/>\n\n\n\n<p><strong>Inversi\u00f3 davant malbaratament<\/strong><\/p>\n\n\n\n<p>La presidenta provincial del PPCS ha recordat que la Diputaci\u00f3 Provincial de Castell\u00f3 va injectar el 2024 m\u00e9s de 975.000 euros a la ciutat \u201cper a activar-la\u201d. A aquesta quantitat se li sumaren els m\u00e9s de 8 milions d\u2019euros aprovats l\u2019exercici passat pel Consell per a millorar la vida dels ve\u00efns.<\/p>\n\n\n\n<p>I mentrestant, \u201cl\u2019alcalde continua jugant al Monopoly\u201d. L\u2019any 2023 va gastar 800.000 euros en la compra del bingo de l\u2019avinguda del Cedre i aquest mes de maig ha comprat un habitatge per 300.000 euros. \u201cNo es resolen els problemes del dia a dia per\u00f2 es gasta a mans plenes\u201d.<\/p>\n\n\n\n<p>Finalment, Marta Barrachina ha recordat que el c\u00e0stig no sols el imposa el PSOE a nivell local, sin\u00f3 que el refor\u00e7a Pedro S\u00e1nchez a nivell estatal. \u201cEn aquests moments, a Vila-real se li deuen 10,1 milions d\u2019euros per la falta d\u2019actualitzaci\u00f3 de les participacions en tributs de l\u2019Estat. Perqu\u00e8 l\u2019alcalde de Vila-real \u00e9s com el president del Govern, no tenen temps de complir obligacions legals com l\u2019aprovaci\u00f3 d\u2019un pressupost\u201d, ha concl\u00f2s Marta Barrachina.<\/p>\n","protected":false},"excerpt":{"rendered":"<p>&#8220;Som el futur de Vila-real&#8221;. Aix\u00ed ho ha declarat la l\u00edder provincial del PPCS, Marta Barrachina, que hui s\u2019ha despla\u00e7at fins a la ciutat per a compartir, amb m\u00e9s de 400 ve\u00efns de Vila-real, \u201cla gesti\u00f3 i les solucions\u201d que el PP garanteix davant un govern en crisi. En la seua intervenci\u00f3 davant els assistents, &#8230; <a title=\"Marta Barrachina reivindica a Vila-real \u201cla gesti\u00f3 i les solucions\u201d que aporta el PP davant el bloqueig d\u2019un govern en crisi\" class=\"read-more\" href=\"https:\/\/elcafedepipa.com\/index.php\/2025\/05\/16\/marta-barrachina-reivindica-a-vila-real-la-gestio-i-les-solucions-que-aporta-el-pp-davant-el-bloqueig-dun-govern-en-crisi\/\" aria-label=\"M\u00e9s informaci\u00f3 sobre Marta Barrachina reivindica a Vila-real \u201cla gesti\u00f3 i les solucions\u201d que aporta el PP davant el bloqueig d\u2019un govern en crisi\">Read more<\/a><\/p>\n","protected":false},"author":2,"featured_media":14015,"comment_status":"closed","ping_status":"closed","sticky":false,"template":"","format":"standard","meta":{"om_disable_all_campaigns":false,"_monsterinsights_skip_tracking":false,"_monsterinsights_sitenote_active":false,"_monsterinsights_sitenote_note":"","_monsterinsights_sitenote_category":0,"_uf_show_specific_survey":0,"_uf_disable_surveys":false,"footnotes":""},"categories":[34],"tags":[],"class_list":["post-14014","post","type-post","status-publish","format-standard","has-post-thumbnail","hentry","category-podcast"],"_links":{"self":[{"href":"https:\/\/elcafedepipa.com\/index.php\/wp-json\/wp\/v2\/posts\/14014","targetHints":{"allow":["GET"]}}],"collection":[{"href":"https:\/\/elcafedepipa.com\/index.php\/wp-json\/wp\/v2\/posts"}],"about":[{"href":"https:\/\/elcafedepipa.com\/index.php\/wp-json\/wp\/v2\/types\/post"}],"author":[{"embeddable":true,"href":"https:\/\/elcafedepipa.com\/index.php\/wp-json\/wp\/v2\/users\/2"}],"replies":[{"embeddable":true,"href":"https:\/\/elcafedepipa.com\/index.php\/wp-json\/wp\/v2\/comments?post=14014"}],"version-history":[{"count":0,"href":"https:\/\/elcafedepipa.com\/index.php\/wp-json\/wp\/v2\/posts\/14014\/revisions"}],"wp:featuredmedia":[{"embeddable":true,"href":"https:\/\/elcafedepipa.com\/index.php\/wp-json\/wp\/v2\/media\/14015"}],"wp:attachment":[{"href":"https:\/\/elcafedepipa.com\/index.php\/wp-json\/wp\/v2\/media?parent=14014"}],"wp:term":[{"taxonomy":"category","embeddable":true,"href":"https:\/\/elcafedepipa.com\/index.php\/wp-json\/wp\/v2\/categories?post=14014"},{"taxonomy":"post_tag","embeddable":true,"href":"https:\/\/elcafedepipa.com\/index.php\/wp-json\/wp\/v2\/tags?post=14014"}],"curies":[{"name":"wp","href":"https:\/\/api.w.org\/{rel}","templated":true}]}}