{"id":14009,"date":"2025-05-16T10:00:41","date_gmt":"2025-05-16T08:00:41","guid":{"rendered":"https:\/\/elcafedepipa.com\/?p=14009"},"modified":"2025-05-16T10:00:42","modified_gmt":"2025-05-16T08:00:42","slug":"nules-tanca-els-divendres-pedagogics-amb-una-xarrada-sobre-noves-metodologies-educatives","status":"publish","type":"post","link":"https:\/\/elcafedepipa.com\/index.php\/2025\/05\/16\/nules-tanca-els-divendres-pedagogics-amb-una-xarrada-sobre-noves-metodologies-educatives\/","title":{"rendered":"Nules tanca els Divendres Pedag\u00f2gics amb una xarrada sobre noves metodologies educatives."},"content":{"rendered":"\n<p>Nules tanca, aquesta setmana, el cicle de confer\u00e8ncies Divendres Pedag\u00f2gics on s\u2019han donat cita docents, diferents professionals i fam\u00edlies per a participar de les pon\u00e8ncies sobre tem\u00e0tiques relacionades amb el m\u00f3n de l\u2019educaci\u00f3, que han format part de la programaci\u00f3 gratu\u00efta que s\u2019ha desenvolupat els dies 21 de febrer, 14 de mar\u00e7, 11 d\u2019abril, i que finalitza divendres 16 de maig.<\/p>\n\n\n\n<p>En concret, aquesta \u00faltima sessi\u00f3 est\u00e0 dedicada a la transformaci\u00f3 digital i a les noves tecnologies amb la pon\u00e8ncia anomenada \u201cTECH necesito\u201d que comptar\u00e0 com a ponent amb Rosa Liarte, docent i experta en noves metodologies educatives, de fet aquesta jornada tindr\u00e0 lloc a les sis de la vesprada al sal\u00f3 teatre de la Caixa Rural de Nules.<\/p>\n\n\n\n<p>Cal destacar l\u2019\u00e8xit d\u2019aquesta iniciativa que es va posar en marxa l\u2019any 2023, \u201ci que ja s\u2019ha consolidat\u201d matisa la regidora d\u2019Educaci\u00f3, Rosa Ventura. En aquest sentit, comenta a m\u00e9s que \u201cel seminari Divendres Pedag\u00f2gics compleix el seu objectiu de portar a Nules persones expertes en temes relacionats amb l\u2019educaci\u00f3, que exposen tem\u00e0tiques actuals de gran import\u00e0ncia per als col\u00b7lectius als que va dirigit com ara les fam\u00edlies, al personal docent, i al p\u00fablic en general interessat\u201d.<\/p>\n\n\n\n<p>Aix\u00ed doncs, en aquesta edici\u00f3 s\u2019ha parlat de la intel\u00b7lig\u00e8ncia artificial, les noves tecnologies i l\u2019educaci\u00f3, de com ficar l\u00edmits a les persones menors, de l\u2019educaci\u00f3 pedi\u00e0trica, m\u00fasica i expressi\u00f3 corporal, ritme i educaci\u00f3, o dels cicles formatius i metodologies actives.<\/p>\n\n\n\n<figure class=\"wp-block-image size-full\"><img fetchpriority=\"high\" decoding=\"async\" width=\"717\" height=\"1016\" src=\"https:\/\/elcafedepipa.com\/wp-content\/uploads\/2025\/05\/thumbnail_IMG-20250429-WA0015.jpg\" alt=\"\" class=\"wp-image-14010\" srcset=\"https:\/\/elcafedepipa.com\/wp-content\/uploads\/2025\/05\/thumbnail_IMG-20250429-WA0015.jpg 717w, https:\/\/elcafedepipa.com\/wp-content\/uploads\/2025\/05\/thumbnail_IMG-20250429-WA0015-212x300.jpg 212w\" sizes=\"(max-width: 717px) 100vw, 717px\" \/><\/figure>\n","protected":false},"excerpt":{"rendered":"<p>Nules tanca, aquesta setmana, el cicle de confer\u00e8ncies Divendres Pedag\u00f2gics on s\u2019han donat cita docents, diferents professionals i fam\u00edlies per a participar de les pon\u00e8ncies sobre tem\u00e0tiques relacionades amb el m\u00f3n de l\u2019educaci\u00f3, que han format part de la programaci\u00f3 gratu\u00efta que s\u2019ha desenvolupat els dies 21 de febrer, 14 de mar\u00e7, 11 d\u2019abril, i &#8230; <a title=\"Nules tanca els Divendres Pedag\u00f2gics amb una xarrada sobre noves metodologies educatives.\" class=\"read-more\" href=\"https:\/\/elcafedepipa.com\/index.php\/2025\/05\/16\/nules-tanca-els-divendres-pedagogics-amb-una-xarrada-sobre-noves-metodologies-educatives\/\" aria-label=\"M\u00e9s informaci\u00f3 sobre Nules tanca els Divendres Pedag\u00f2gics amb una xarrada sobre noves metodologies educatives.\">Read more<\/a><\/p>\n","protected":false},"author":2,"featured_media":14011,"comment_status":"open","ping_status":"open","sticky":false,"template":"","format":"standard","meta":{"om_disable_all_campaigns":false,"_monsterinsights_skip_tracking":false,"_monsterinsights_sitenote_active":false,"_monsterinsights_sitenote_note":"","_monsterinsights_sitenote_category":0,"_uf_show_specific_survey":0,"_uf_disable_surveys":false,"footnotes":""},"categories":[1],"tags":[],"class_list":["post-14009","post","type-post","status-publish","format-standard","has-post-thumbnail","hentry","category-non-classe"],"_links":{"self":[{"href":"https:\/\/elcafedepipa.com\/index.php\/wp-json\/wp\/v2\/posts\/14009","targetHints":{"allow":["GET"]}}],"collection":[{"href":"https:\/\/elcafedepipa.com\/index.php\/wp-json\/wp\/v2\/posts"}],"about":[{"href":"https:\/\/elcafedepipa.com\/index.php\/wp-json\/wp\/v2\/types\/post"}],"author":[{"embeddable":true,"href":"https:\/\/elcafedepipa.com\/index.php\/wp-json\/wp\/v2\/users\/2"}],"replies":[{"embeddable":true,"href":"https:\/\/elcafedepipa.com\/index.php\/wp-json\/wp\/v2\/comments?post=14009"}],"version-history":[{"count":0,"href":"https:\/\/elcafedepipa.com\/index.php\/wp-json\/wp\/v2\/posts\/14009\/revisions"}],"wp:featuredmedia":[{"embeddable":true,"href":"https:\/\/elcafedepipa.com\/index.php\/wp-json\/wp\/v2\/media\/14011"}],"wp:attachment":[{"href":"https:\/\/elcafedepipa.com\/index.php\/wp-json\/wp\/v2\/media?parent=14009"}],"wp:term":[{"taxonomy":"category","embeddable":true,"href":"https:\/\/elcafedepipa.com\/index.php\/wp-json\/wp\/v2\/categories?post=14009"},{"taxonomy":"post_tag","embeddable":true,"href":"https:\/\/elcafedepipa.com\/index.php\/wp-json\/wp\/v2\/tags?post=14009"}],"curies":[{"name":"wp","href":"https:\/\/api.w.org\/{rel}","templated":true}]}}