{"id":13983,"date":"2025-05-15T13:05:37","date_gmt":"2025-05-15T11:05:37","guid":{"rendered":"https:\/\/elcafedepipa.com\/?p=13983"},"modified":"2025-05-15T13:05:38","modified_gmt":"2025-05-15T11:05:38","slug":"lajuntament-de-la-vall-duixo-comenca-les-obres-per-a-transformar-la-fabrica-de-la-llum-en-un-museu","status":"publish","type":"post","link":"https:\/\/elcafedepipa.com\/index.php\/2025\/05\/15\/lajuntament-de-la-vall-duixo-comenca-les-obres-per-a-transformar-la-fabrica-de-la-llum-en-un-museu\/","title":{"rendered":"L\u2019Ajuntament de la Vall d\u2019Uix\u00f3 comen\u00e7a les obres per a transformar la F\u00e0brica de la Llum en un museu"},"content":{"rendered":"\n<p><strong>L\u2019Ajuntament de la Vall d\u2019Uix\u00f3 ha comen\u00e7at aquesta setmana les obres de transformaci\u00f3 de l\u2019antiga F\u00e0brica de la Llum en un museu. Aquest edifici emblem\u00e0tic situat al costat de l\u2019aq\u00fceducte acollir\u00e0 l\u2019activitat del Museu Arqueol\u00f2gic Municipal i tindr\u00e0 \u00fas com a sala expositiva i espai cultural i social. Les obres de rehabilitaci\u00f3 d\u2019aquesta construcci\u00f3 industrial de principis del segle XX estaran finalitzades a l\u2019estiu de 2026.<\/strong><\/p>\n\n\n\n<p>Aquest \u00e9s un dels eixos del Pla de Sostenibilitat Tur\u00edstica en Dest\u00ed (PSTD), que suposa una inversi\u00f3 total de 2.001.722 euros finan\u00e7ada al 100\u202f% per la Uni\u00f3 Europea \u2013 Next Generation EU. Es tracta d\u2019un projecte en qu\u00e8 \u201cportem treballant molts anys de manera transversal i que ara comen\u00e7a a ser una realitat\u201d, tal com ha destacat l\u2019alcaldessa, Tania Ba\u00f1os.<\/p>\n\n\n\n<p>A m\u00e9s de la rehabilitaci\u00f3 d\u2019una part de la nau de la F\u00e0brica de la Llum, tamb\u00e9 es recupera l\u2019entorn de s\u00e9quies, molins i basses perqu\u00e8 el fil conductor del projecte \u201csiga l\u2019aigua i el nostre passat agr\u00edcola\u201d. Tamb\u00e9 es creen itineraris per als vianants i espais enjardinats que connecten el barri del Roser amb el paratge de Sant Josep.<\/p>\n\n\n\n<p>Precisament, l\u2019aparcament del paratge \u00e9s una altra de les claus d\u2019aquesta iniciativa, ja que es renaturalitza amb arbrat que aporte ombra i amb elements \u2013fonts d\u2019aigua i zones drenants\u2013 per a mitigar l\u2019efecte d\u2019illa de calor. La zona de turisme de caravanes tamb\u00e9 es renova, fent m\u00e9s amable aquest espai que ara nom\u00e9s \u00e9s asfalt.<\/p>\n\n\n\n<p>L\u2019alcaldessa ha remarcat que aquestes actuacions \u201cestan dins d\u2019un pla de recuperaci\u00f3 de patrimoni mai vist en aquesta ciutat\u201d i que la seua execuci\u00f3 \u00e9s \u201cuna de les millors not\u00edcies d\u2019aquest mandat, perqu\u00e8 tindre un museu \u00e9s un anhel i un desig hist\u00f2ric de la Vall\u201d. Aquest projecte \u201cdeixar\u00e0 empremta i aportar\u00e0 valor afegit al nostre relat tur\u00edstic, que va m\u00e9s enll\u00e0 de les Coves de Sant Josep\u201d.<\/p>\n\n\n\n<p>La F\u00e0brica de la Llum est\u00e0 situada \u201ca les portes del Cam\u00ed de l\u2019Aigua\u201d, les obres del qual tamb\u00e9 estan a punt d\u2019acabar. A aquestes s\u2019hi suma la rehabilitaci\u00f3 de la Torre de Benissahat i l\u2019inici, en els pr\u00f2xims mesos, d\u2019una excavaci\u00f3 hist\u00f2rica al poblat iber de Sant Josep. Totes elles estan en la l\u00ednia de la recuperaci\u00f3 del patrimoni i la sostenibilitat i de construir \u201cuna ciutat m\u00e9s europea, m\u00e9s verda i m\u00e9s moderna\u201d.<\/p>\n\n\n\n<p><\/p>\n","protected":false},"excerpt":{"rendered":"<p>L\u2019Ajuntament de la Vall d\u2019Uix\u00f3 ha comen\u00e7at aquesta setmana les obres de transformaci\u00f3 de l\u2019antiga F\u00e0brica de la Llum en un museu. Aquest edifici emblem\u00e0tic situat al costat de l\u2019aq\u00fceducte acollir\u00e0 l\u2019activitat del Museu Arqueol\u00f2gic Municipal i tindr\u00e0 \u00fas com a sala expositiva i espai cultural i social. Les obres de rehabilitaci\u00f3 d\u2019aquesta construcci\u00f3 industrial &#8230; <a title=\"L\u2019Ajuntament de la Vall d\u2019Uix\u00f3 comen\u00e7a les obres per a transformar la F\u00e0brica de la Llum en un museu\" class=\"read-more\" href=\"https:\/\/elcafedepipa.com\/index.php\/2025\/05\/15\/lajuntament-de-la-vall-duixo-comenca-les-obres-per-a-transformar-la-fabrica-de-la-llum-en-un-museu\/\" aria-label=\"M\u00e9s informaci\u00f3 sobre L\u2019Ajuntament de la Vall d\u2019Uix\u00f3 comen\u00e7a les obres per a transformar la F\u00e0brica de la Llum en un museu\">Read more<\/a><\/p>\n","protected":false},"author":2,"featured_media":13984,"comment_status":"closed","ping_status":"closed","sticky":false,"template":"","format":"standard","meta":{"om_disable_all_campaigns":false,"_monsterinsights_skip_tracking":false,"_monsterinsights_sitenote_active":false,"_monsterinsights_sitenote_note":"","_monsterinsights_sitenote_category":0,"_uf_show_specific_survey":0,"_uf_disable_surveys":false,"footnotes":""},"categories":[2],"tags":[],"class_list":["post-13983","post","type-post","status-publish","format-standard","has-post-thumbnail","hentry","category-lavallduixo"],"_links":{"self":[{"href":"https:\/\/elcafedepipa.com\/index.php\/wp-json\/wp\/v2\/posts\/13983","targetHints":{"allow":["GET"]}}],"collection":[{"href":"https:\/\/elcafedepipa.com\/index.php\/wp-json\/wp\/v2\/posts"}],"about":[{"href":"https:\/\/elcafedepipa.com\/index.php\/wp-json\/wp\/v2\/types\/post"}],"author":[{"embeddable":true,"href":"https:\/\/elcafedepipa.com\/index.php\/wp-json\/wp\/v2\/users\/2"}],"replies":[{"embeddable":true,"href":"https:\/\/elcafedepipa.com\/index.php\/wp-json\/wp\/v2\/comments?post=13983"}],"version-history":[{"count":0,"href":"https:\/\/elcafedepipa.com\/index.php\/wp-json\/wp\/v2\/posts\/13983\/revisions"}],"wp:featuredmedia":[{"embeddable":true,"href":"https:\/\/elcafedepipa.com\/index.php\/wp-json\/wp\/v2\/media\/13984"}],"wp:attachment":[{"href":"https:\/\/elcafedepipa.com\/index.php\/wp-json\/wp\/v2\/media?parent=13983"}],"wp:term":[{"taxonomy":"category","embeddable":true,"href":"https:\/\/elcafedepipa.com\/index.php\/wp-json\/wp\/v2\/categories?post=13983"},{"taxonomy":"post_tag","embeddable":true,"href":"https:\/\/elcafedepipa.com\/index.php\/wp-json\/wp\/v2\/tags?post=13983"}],"curies":[{"name":"wp","href":"https:\/\/api.w.org\/{rel}","templated":true}]}}