{"id":13980,"date":"2025-05-15T12:38:28","date_gmt":"2025-05-15T10:38:28","guid":{"rendered":"https:\/\/elcafedepipa.com\/?p=13980"},"modified":"2025-05-15T12:38:29","modified_gmt":"2025-05-15T10:38:29","slug":"el-pspv-psoe-denuncia-que-amb-el-caos-de-mazon-hi-ha-municipis-de-castello-amb-fins-a-16-dies-despera-per-a-vore-el-metge-de-familia","status":"publish","type":"post","link":"https:\/\/elcafedepipa.com\/index.php\/2025\/05\/15\/el-pspv-psoe-denuncia-que-amb-el-caos-de-mazon-hi-ha-municipis-de-castello-amb-fins-a-16-dies-despera-per-a-vore-el-metge-de-familia\/","title":{"rendered":"El PSPV-PSOE denuncia que amb el \u201ccaos de Maz\u00f3n hi ha municipis de Castell\u00f3 amb fins a 16 dies d\u2019espera per a vore el metge de fam\u00edlia&#8221;"},"content":{"rendered":"\n<p>El PSPV-PSOE de Castell\u00f3 ha alertat aquest dijous que \u201cla greu situaci\u00f3\u201d que travessa la sanitat p\u00fablica a la prov\u00edncia \u201cfa que hi haja municipis on \u00e9s impossible aconseguir cita en atenci\u00f3 prim\u00e0ria en menys de dues setmanes\u201d. El portaveu socialistes de Sanitat a les Corts, Rafa Sim\u00f3, ha qualificat aquests terminis \u201cd\u2019inacceptables\u201d i ha assenyalat Maz\u00f3n i G\u00f3mez com a \u201cresponsables de fer absolutament res per a taponar l\u2019hemorr\u00e0gia assistencial que pateix la sanitat p\u00fablica castellonenca\u201d.<\/p>\n\n\n\n<p>Entre els exemples que ha citat el diputat figuren Borriana, amb 16 dies d\u2019espera per a una visita m\u00e8dica; Almassora i Castell\u00f3 de la Plana, amb 14; Vila-real amb 15; Benic\u00e0ssim amb 13 i Orpesa amb 12. \u201cQuan una persona demana hora al seu metge de fam\u00edlia, generalment, \u00e9s perqu\u00e8 necessita ser at\u00e9s al moment, no perqu\u00e8 la vegen als quinze dies\u201d, ha manifestat Sim\u00f3, qui ha explicat que \u201camb aquests temps d\u2019espera, les persones acaben acudint a urg\u00e8ncies als hospitals, col\u00b7lapsant aix\u00ed les urg\u00e8ncies.<\/p>\n\n\n\n<p>El dirigent socialista ha advertit que aquestes dades s\u00f3n \u201crealment aterradores\u201d i que anticipen un estiu \u201cca\u00f2tic\u201d. \u201cSi la situaci\u00f3 \u00e9s complicada al mes de maig, res ens fa creure que millore en els pr\u00f2xims mesos d\u2019estiu, quan el Consell ens t\u00e9 acostumats a abaixar la persiana dels centres de salut amb l\u2019excusa de les vacances, sense refor\u00e7os ni cobertures per a les baixes\u201d.<\/p>\n\n\n\n<p>Aquesta situaci\u00f3, no obstant aix\u00f2, no nom\u00e9s es redueix als centres de salut. I \u00e9s que als hospitals la situaci\u00f3 no \u00e9s molt millor. En aquest sentit, el portaveu socialista ha afirmat que \u201cla sanitat est\u00e0 molt pitjor ara que fa dos anys\u201d i ha recordat que, molt malgrat els castellonencs, l&#8217;Hospital General lidera el r\u00e0nquing de llistes d&#8217;espera quir\u00fargiques de tota la Comunitat Valenciana.<\/p>\n\n\n\n<p>\u201cVan arribar al govern prometent un canvi i solucions i nom\u00e9s han demostrat que no t\u00e9 ni idea de gestionar, ni les emerg\u00e8ncies, ni l\u2019educaci\u00f3 ni la sanitat p\u00fablica. Cap pla, cap promesa, totes les paraules se les ha emportat el vent\u201d. \u201cMentrestant, a les persones que necessiten d\u2019assist\u00e8ncia hospital\u00e0ria acaben abocades a rec\u00f3rrer a la sanitat privada si poden permetre-se-ho\u201d. El diputat castellonenc ha concl\u00f2s afirmant que \u201cla pitjor desigualtat que pot existir \u00e9s la desigualtat sanit\u00e0ria, i \u00e9s precisament aix\u00f2 al que ens est\u00e0 portant el model del PP\u201d.<\/p>\n","protected":false},"excerpt":{"rendered":"<p>El PSPV-PSOE de Castell\u00f3 ha alertat aquest dijous que \u201cla greu situaci\u00f3\u201d que travessa la sanitat p\u00fablica a la prov\u00edncia \u201cfa que hi haja municipis on \u00e9s impossible aconseguir cita en atenci\u00f3 prim\u00e0ria en menys de dues setmanes\u201d. El portaveu socialistes de Sanitat a les Corts, Rafa Sim\u00f3, ha qualificat aquests terminis \u201cd\u2019inacceptables\u201d i ha &#8230; <a title=\"El PSPV-PSOE denuncia que amb el \u201ccaos de Maz\u00f3n hi ha municipis de Castell\u00f3 amb fins a 16 dies d\u2019espera per a vore el metge de fam\u00edlia&#8221;\" class=\"read-more\" href=\"https:\/\/elcafedepipa.com\/index.php\/2025\/05\/15\/el-pspv-psoe-denuncia-que-amb-el-caos-de-mazon-hi-ha-municipis-de-castello-amb-fins-a-16-dies-despera-per-a-vore-el-metge-de-familia\/\" aria-label=\"M\u00e9s informaci\u00f3 sobre El PSPV-PSOE denuncia que amb el \u201ccaos de Maz\u00f3n hi ha municipis de Castell\u00f3 amb fins a 16 dies d\u2019espera per a vore el metge de fam\u00edlia&#8221;\">Read more<\/a><\/p>\n","protected":false},"author":2,"featured_media":13981,"comment_status":"closed","ping_status":"closed","sticky":false,"template":"","format":"standard","meta":{"om_disable_all_campaigns":false,"_monsterinsights_skip_tracking":false,"_monsterinsights_sitenote_active":false,"_monsterinsights_sitenote_note":"","_monsterinsights_sitenote_category":0,"_uf_show_specific_survey":0,"_uf_disable_surveys":false,"footnotes":""},"categories":[11],"tags":[],"class_list":["post-13980","post","type-post","status-publish","format-standard","has-post-thumbnail","hentry","category-comunitatvalenciana"],"_links":{"self":[{"href":"https:\/\/elcafedepipa.com\/index.php\/wp-json\/wp\/v2\/posts\/13980","targetHints":{"allow":["GET"]}}],"collection":[{"href":"https:\/\/elcafedepipa.com\/index.php\/wp-json\/wp\/v2\/posts"}],"about":[{"href":"https:\/\/elcafedepipa.com\/index.php\/wp-json\/wp\/v2\/types\/post"}],"author":[{"embeddable":true,"href":"https:\/\/elcafedepipa.com\/index.php\/wp-json\/wp\/v2\/users\/2"}],"replies":[{"embeddable":true,"href":"https:\/\/elcafedepipa.com\/index.php\/wp-json\/wp\/v2\/comments?post=13980"}],"version-history":[{"count":0,"href":"https:\/\/elcafedepipa.com\/index.php\/wp-json\/wp\/v2\/posts\/13980\/revisions"}],"wp:featuredmedia":[{"embeddable":true,"href":"https:\/\/elcafedepipa.com\/index.php\/wp-json\/wp\/v2\/media\/13981"}],"wp:attachment":[{"href":"https:\/\/elcafedepipa.com\/index.php\/wp-json\/wp\/v2\/media?parent=13980"}],"wp:term":[{"taxonomy":"category","embeddable":true,"href":"https:\/\/elcafedepipa.com\/index.php\/wp-json\/wp\/v2\/categories?post=13980"},{"taxonomy":"post_tag","embeddable":true,"href":"https:\/\/elcafedepipa.com\/index.php\/wp-json\/wp\/v2\/tags?post=13980"}],"curies":[{"name":"wp","href":"https:\/\/api.w.org\/{rel}","templated":true}]}}