{"id":13976,"date":"2025-05-15T09:56:18","date_gmt":"2025-05-15T07:56:18","guid":{"rendered":"https:\/\/elcafedepipa.com\/?p=13976"},"modified":"2025-05-15T09:56:19","modified_gmt":"2025-05-15T07:56:19","slug":"lajuntament-de-la-vall-duixo-promociona-la-formacio-professional-amb-la-fira-de-cicles-formatius","status":"publish","type":"post","link":"https:\/\/elcafedepipa.com\/index.php\/2025\/05\/15\/lajuntament-de-la-vall-duixo-promociona-la-formacio-professional-amb-la-fira-de-cicles-formatius\/","title":{"rendered":"L\u2019Ajuntament de la Vall d\u2019Uix\u00f3 promociona la formaci\u00f3 professional amb la Fira de Cicles Formatius"},"content":{"rendered":"\n<p>L\u2019Ajuntament de la Vall d\u2019Uix\u00f3 ha celebrat la tercera edici\u00f3 de la Fira de Cicles Formatius, que t\u00e9 com a objectiu \u201cdonar a con\u00e9ixer l\u2019oferta de formaci\u00f3 professional dels instituts i centres integrats de la nostra ciutat i dels municipis del voltant\u201d, tal com han explicat l\u2019alcaldessa, Tania Ba\u00f1os, i el regidor de Joventut i Educaci\u00f3, Manel Agea.<\/p>\n\n\n\n<p>Aquesta edici\u00f3 ha sigut la m\u00e9s participativa de la seua hist\u00f2ria, amb 11 centres educatius: els tres de la Vall d\u2019Uix\u00f3 (Bot\u00e0nic Cavanilles, Benigasl\u00f3 i Honori Garcia), i Serra Espad\u00e0 d\u2019Onda, Gilabert de Centelles de Nules, Jaume I de Borriana, Vila-roja d\u2019Almassora, Costa de Azahar del Grau de Castell\u00f3, IES Betx\u00ed, IES Vall d\u2019Alba i La Laboral de Sagunt.<\/p>\n\n\n\n<p>Aquesta fira \u00e9s \u201cuna oportunitat perqu\u00e8 la ciutadania conega de primera m\u00e0 quines possibilitats t\u00e9 de formar-se, tant per a l\u2019alumnat dels IES com per a les persones que volen reciclar-se, especialitzar-se o rebre formaci\u00f3 en sectors espec\u00edfics\u201d. I \u00e9s que la formaci\u00f3 professional \u201ct\u00e9 una taxa d\u2019ocupaci\u00f3 elevada, fins i tot superior als estudis universitaris\u201d, han valorat.<\/p>\n\n\n\n<p>Durant la jornada s\u2019ha pogut con\u00e9ixer l\u2019oferta de fam\u00edlies professionals agr\u00e0ries, inform\u00e0tica i comunicacions, administraci\u00f3 i gesti\u00f3, electricitat i electr\u00f2nica, manteniment de vehicles, vidre i cer\u00e0mica, comer\u00e7 i m\u00e0rqueting, sanitat, seguretat i medi ambient, serveis socioculturals, artesanies, imatge i so, hostaleria i turisme, arts gr\u00e0fiques i aeron\u00e0utica.<\/p>\n\n\n\n<p>I \u00e9s que la FP \u201csignifica parlar d\u2019ocupaci\u00f3, d\u2019oportunitats laborals i de donar resposta a les necessitats de les empreses\u201d. Per aix\u00f2, des de l\u2019Ajuntament s\u2019est\u00e0 fent una aposta per \u201cla formaci\u00f3 professional\u201d i \u201ccontinuarem treballant per a portar m\u00e9s oferta de fam\u00edlies i especialitats a la Vall, perqu\u00e8 tenim molt de potencial com a zona estrat\u00e8gica entre Castell\u00f3 i Sagunt per a donar cobertura a la demanda existent\u201d.<\/p>\n\n\n\n<p>A la mostra instal\u00b7lada a la pla\u00e7a del Mercat tamb\u00e9 han estat presents el Pacte Territorial per l\u2019Ocupaci\u00f3 de la Plana Baixa i l\u2019Ag\u00e8ncia d\u2019Ocupaci\u00f3 de la Vall d\u2019Uix\u00f3. En aquest sentit, s\u2019ha oferit informaci\u00f3 sobre el programa Acredita\u2019t, que ofereix a \u201cles persones que tenen experi\u00e8ncia treballant en un sector que acrediten les seues compet\u00e8ncies i coneixements i obtinguen un t\u00edtol\u201d, han concl\u00f2s.<\/p>\n\n\n\n<figure class=\"wp-block-image size-large\"><img fetchpriority=\"high\" decoding=\"async\" width=\"1024\" height=\"768\" src=\"https:\/\/elcafedepipa.com\/wp-content\/uploads\/2025\/05\/fira-cicles-1-1024x768.jpeg\" alt=\"\" class=\"wp-image-13978\" srcset=\"https:\/\/elcafedepipa.com\/wp-content\/uploads\/2025\/05\/fira-cicles-1-1024x768.jpeg 1024w, https:\/\/elcafedepipa.com\/wp-content\/uploads\/2025\/05\/fira-cicles-1-300x225.jpeg 300w, https:\/\/elcafedepipa.com\/wp-content\/uploads\/2025\/05\/fira-cicles-1-768x576.jpeg 768w, https:\/\/elcafedepipa.com\/wp-content\/uploads\/2025\/05\/fira-cicles-1-1536x1152.jpeg 1536w, https:\/\/elcafedepipa.com\/wp-content\/uploads\/2025\/05\/fira-cicles-1.jpeg 1600w\" sizes=\"(max-width: 1024px) 100vw, 1024px\" \/><\/figure>\n","protected":false},"excerpt":{"rendered":"<p>L\u2019Ajuntament de la Vall d\u2019Uix\u00f3 ha celebrat la tercera edici\u00f3 de la Fira de Cicles Formatius, que t\u00e9 com a objectiu \u201cdonar a con\u00e9ixer l\u2019oferta de formaci\u00f3 professional dels instituts i centres integrats de la nostra ciutat i dels municipis del voltant\u201d, tal com han explicat l\u2019alcaldessa, Tania Ba\u00f1os, i el regidor de Joventut i &#8230; <a title=\"L\u2019Ajuntament de la Vall d\u2019Uix\u00f3 promociona la formaci\u00f3 professional amb la Fira de Cicles Formatius\" class=\"read-more\" href=\"https:\/\/elcafedepipa.com\/index.php\/2025\/05\/15\/lajuntament-de-la-vall-duixo-promociona-la-formacio-professional-amb-la-fira-de-cicles-formatius\/\" aria-label=\"M\u00e9s informaci\u00f3 sobre L\u2019Ajuntament de la Vall d\u2019Uix\u00f3 promociona la formaci\u00f3 professional amb la Fira de Cicles Formatius\">Read more<\/a><\/p>\n","protected":false},"author":2,"featured_media":13977,"comment_status":"closed","ping_status":"closed","sticky":false,"template":"","format":"standard","meta":{"om_disable_all_campaigns":false,"_monsterinsights_skip_tracking":false,"_monsterinsights_sitenote_active":false,"_monsterinsights_sitenote_note":"","_monsterinsights_sitenote_category":0,"_uf_show_specific_survey":0,"_uf_disable_surveys":false,"footnotes":""},"categories":[2],"tags":[],"class_list":["post-13976","post","type-post","status-publish","format-standard","has-post-thumbnail","hentry","category-lavallduixo"],"_links":{"self":[{"href":"https:\/\/elcafedepipa.com\/index.php\/wp-json\/wp\/v2\/posts\/13976","targetHints":{"allow":["GET"]}}],"collection":[{"href":"https:\/\/elcafedepipa.com\/index.php\/wp-json\/wp\/v2\/posts"}],"about":[{"href":"https:\/\/elcafedepipa.com\/index.php\/wp-json\/wp\/v2\/types\/post"}],"author":[{"embeddable":true,"href":"https:\/\/elcafedepipa.com\/index.php\/wp-json\/wp\/v2\/users\/2"}],"replies":[{"embeddable":true,"href":"https:\/\/elcafedepipa.com\/index.php\/wp-json\/wp\/v2\/comments?post=13976"}],"version-history":[{"count":0,"href":"https:\/\/elcafedepipa.com\/index.php\/wp-json\/wp\/v2\/posts\/13976\/revisions"}],"wp:featuredmedia":[{"embeddable":true,"href":"https:\/\/elcafedepipa.com\/index.php\/wp-json\/wp\/v2\/media\/13977"}],"wp:attachment":[{"href":"https:\/\/elcafedepipa.com\/index.php\/wp-json\/wp\/v2\/media?parent=13976"}],"wp:term":[{"taxonomy":"category","embeddable":true,"href":"https:\/\/elcafedepipa.com\/index.php\/wp-json\/wp\/v2\/categories?post=13976"},{"taxonomy":"post_tag","embeddable":true,"href":"https:\/\/elcafedepipa.com\/index.php\/wp-json\/wp\/v2\/tags?post=13976"}],"curies":[{"name":"wp","href":"https:\/\/api.w.org\/{rel}","templated":true}]}}