{"id":13973,"date":"2025-05-15T09:52:48","date_gmt":"2025-05-15T07:52:48","guid":{"rendered":"https:\/\/elcafedepipa.com\/?p=13973"},"modified":"2025-05-15T09:52:49","modified_gmt":"2025-05-15T07:52:49","slug":"la-guardia-civil-investiga-dues-persones-per-la-destruccio-dun-niu-actiu-doreneta-comuna-a-xilxes","status":"publish","type":"post","link":"https:\/\/elcafedepipa.com\/index.php\/2025\/05\/15\/la-guardia-civil-investiga-dues-persones-per-la-destruccio-dun-niu-actiu-doreneta-comuna-a-xilxes\/","title":{"rendered":"La Gu\u00e0rdia Civil investiga dues persones per la destrucci\u00f3 d\u2019un niu actiu d\u2019oreneta comuna a Xilxes."},"content":{"rendered":"\n<p>La Gu\u00e0rdia Civil, a trav\u00e9s del SEPRONA, ha iniciat una investigaci\u00f3 contra dues persones per un presumpte delicte contra la flora i la fauna, despr\u00e9s de la destrucci\u00f3 d\u2019un niu actiu d\u2019oreneta comuna (Delichon urbicum) a la platja de Xilxes.<\/p>\n\n\n\n<p>La intervenci\u00f3 es va produir el passat 7 de maig, despr\u00e9s de rebre una den\u00fancia ciutadana que alertava sobre l\u2019eliminaci\u00f3 dels esmentats nius durant els treballs de restauraci\u00f3 a la fa\u00e7ana de l&#8217;immoble.<\/p>\n\n\n\n<p>En arribar al lloc, els agents van constatar la pres\u00e8ncia de restes d\u2019un niu al s\u00f2l, mentre observaven la parella d\u2019aus intentant posar-se reiteradament a la zona afectada.<\/p>\n\n\n\n<p>L\u2019oreneta comuna \u00e9s una esp\u00e8cie inclosa tant a la Llista Roja de la UICN com al Cat\u00e0leg Espanyol d\u2019Esp\u00e8cies Amena\u00e7ades, i compta amb protecci\u00f3 especial segons la legislaci\u00f3 nacional i europea (Directiva d\u2019Aus 2009\/147\/CE i Llei 42\/2007 de Patrimoni Natural i Biodiversitat). La seua destrucci\u00f3 constitueix un delicte tipificat al Codi Penal, que tamb\u00e9 sanciona qualsevol acci\u00f3 que impedisca la seua reproducci\u00f3 o migraci\u00f3.<\/p>\n\n\n\n<p>La retirada dels seus nius requereix autoritzaci\u00f3 expressa de la Conselleria de Medi Ambient, fins i tot fora de la temporada de cria.<\/p>\n\n\n\n<p>Les dilig\u00e8ncies han sigut remeses al Deganat dels Jutjats de Nules.<\/p>\n\n\n\n<p>L\u2019actuaci\u00f3 ha sigut duta a terme per efectius del SEPRONA de la Comand\u00e0ncia de la Gu\u00e0rdia Civil de Castell\u00f3.<\/p>\n","protected":false},"excerpt":{"rendered":"<p>La Gu\u00e0rdia Civil, a trav\u00e9s del SEPRONA, ha iniciat una investigaci\u00f3 contra dues persones per un presumpte delicte contra la flora i la fauna, despr\u00e9s de la destrucci\u00f3 d\u2019un niu actiu d\u2019oreneta comuna (Delichon urbicum) a la platja de Xilxes. La intervenci\u00f3 es va produir el passat 7 de maig, despr\u00e9s de rebre una den\u00fancia &#8230; <a title=\"La Gu\u00e0rdia Civil investiga dues persones per la destrucci\u00f3 d\u2019un niu actiu d\u2019oreneta comuna a Xilxes.\" class=\"read-more\" href=\"https:\/\/elcafedepipa.com\/index.php\/2025\/05\/15\/la-guardia-civil-investiga-dues-persones-per-la-destruccio-dun-niu-actiu-doreneta-comuna-a-xilxes\/\" aria-label=\"M\u00e9s informaci\u00f3 sobre La Gu\u00e0rdia Civil investiga dues persones per la destrucci\u00f3 d\u2019un niu actiu d\u2019oreneta comuna a Xilxes.\">Read more<\/a><\/p>\n","protected":false},"author":2,"featured_media":13974,"comment_status":"closed","ping_status":"closed","sticky":false,"template":"","format":"standard","meta":{"om_disable_all_campaigns":false,"_monsterinsights_skip_tracking":false,"_monsterinsights_sitenote_active":false,"_monsterinsights_sitenote_note":"","_monsterinsights_sitenote_category":0,"_uf_show_specific_survey":0,"_uf_disable_surveys":false,"footnotes":""},"categories":[6],"tags":[],"class_list":["post-13973","post","type-post","status-publish","format-standard","has-post-thumbnail","hentry","category-xilxes"],"_links":{"self":[{"href":"https:\/\/elcafedepipa.com\/index.php\/wp-json\/wp\/v2\/posts\/13973","targetHints":{"allow":["GET"]}}],"collection":[{"href":"https:\/\/elcafedepipa.com\/index.php\/wp-json\/wp\/v2\/posts"}],"about":[{"href":"https:\/\/elcafedepipa.com\/index.php\/wp-json\/wp\/v2\/types\/post"}],"author":[{"embeddable":true,"href":"https:\/\/elcafedepipa.com\/index.php\/wp-json\/wp\/v2\/users\/2"}],"replies":[{"embeddable":true,"href":"https:\/\/elcafedepipa.com\/index.php\/wp-json\/wp\/v2\/comments?post=13973"}],"version-history":[{"count":0,"href":"https:\/\/elcafedepipa.com\/index.php\/wp-json\/wp\/v2\/posts\/13973\/revisions"}],"wp:featuredmedia":[{"embeddable":true,"href":"https:\/\/elcafedepipa.com\/index.php\/wp-json\/wp\/v2\/media\/13974"}],"wp:attachment":[{"href":"https:\/\/elcafedepipa.com\/index.php\/wp-json\/wp\/v2\/media?parent=13973"}],"wp:term":[{"taxonomy":"category","embeddable":true,"href":"https:\/\/elcafedepipa.com\/index.php\/wp-json\/wp\/v2\/categories?post=13973"},{"taxonomy":"post_tag","embeddable":true,"href":"https:\/\/elcafedepipa.com\/index.php\/wp-json\/wp\/v2\/tags?post=13973"}],"curies":[{"name":"wp","href":"https:\/\/api.w.org\/{rel}","templated":true}]}}