{"id":13967,"date":"2025-05-14T17:12:28","date_gmt":"2025-05-14T15:12:28","guid":{"rendered":"https:\/\/elcafedepipa.com\/?p=13967"},"modified":"2025-05-14T17:12:28","modified_gmt":"2025-05-14T15:12:28","slug":"la-unio-denuncia-que-la-gran-planta-fotovoltaica-de-arada-solar-a-la-plana-baixa-posa-en-perill-a-126-000-arbres-la-major-part-citrics-en-produccio","status":"publish","type":"post","link":"https:\/\/elcafedepipa.com\/index.php\/2025\/05\/14\/la-unio-denuncia-que-la-gran-planta-fotovoltaica-de-arada-solar-a-la-plana-baixa-posa-en-perill-a-126-000-arbres-la-major-part-citrics-en-produccio\/","title":{"rendered":"LA UNI\u00d3 denuncia que la gran planta fotovoltaica de Arada Solar a la Plana Baixa posa en perill a 126.000 arbres, la major part c\u00edtrics en producci\u00f3"},"content":{"rendered":"\n<p>14 de maig de 2025.- La Uni\u00f3 Llauradora denuncia que la gran planta fotovoltaica que Arada Solar preveu construir a la Plana Baixa posa en perill uns 126.000 arbres, la major part de c\u00edtrics en producci\u00f3 que suposen un gran embornal de CO\u2082.<\/p>\n\n\n\n<p>Hui ha posat en marxa una campanya mitjan\u00e7ant una protesta simb\u00f2lica en el terme municipal de la Vall d&#8217;Uix\u00f3 contra aquesta planta fotovoltaica i la seua infraestructura d&#8217;evacuaci\u00f3 que afectaran unes 280 hect\u00e0rees de cultiu, moltes d&#8217;elles de c\u00edtrics en s\u00f2l \u00fatil de regadiu amb gran valor agroecol\u00f2gic. L&#8217;acte ha comptat amb membres de LA UNI\u00d3 i de la Plataforma Energia i Territori de la Plana Baixa.<\/p>\n\n\n\n<p>La planta fotovoltaica se situar\u00e0 en els termes municipals de Vall d&#8217;Uix\u00f3, Xilxes, i Moncofa. Tamb\u00e9 es contempla la construcci\u00f3 d&#8217;una nova subestaci\u00f3 el\u00e8ctrica on evacuar\u00e0 la planta mitjan\u00e7ant una l\u00ednia de mitjana tensi\u00f3 de quasi 18 quil\u00f2metres de longitud, que travessar\u00e0 els termes de la Vall d&#8217;Uix\u00f3, Nules, Borriana, les Alqueries, Vila-real i Betx\u00ed.<\/p>\n\n\n\n<p>Segons LA UNI\u00d3, aquesta gran construcci\u00f3 amena\u00e7a la producci\u00f3 de quasi 5 milions de quilos de c\u00edtrics, just en un moment on les collites han minvat pel canvi clim\u00e0tic i no \u00e9s bo que desaparega m\u00e9s superf\u00edcie agr\u00e0ria \u00fatil en la zona.<\/p>\n\n\n\n<p>Carles Peris, secretari general de La Uni\u00f3 Llauradora, assenyala \u201cque la citricultura \u00e9s el cultiu predominant en eixes localitats afectades i no podem perdre m\u00e9s terreny agrari perqu\u00e8 necessitem un volum estable de c\u00edtrics per a consolidar totes les inversions realitzades en les explotacions i llocs de treball tant fixos en les tasques agron\u00f2miques com temporals en la recol\u00b7lecci\u00f3\u201d.<\/p>\n\n\n\n<p>L&#8217;empresa promotora \u00e9s Arada Solar, filial de la multinacional noruega de renovables Statkraft, que aposta per a arribar a acords amb els propietaris a trav\u00e9s de contractes de compravenda o de lloguer de les terres per\u00f2 amb uns preus molt baixos que varien en funci\u00f3 de si s\u00f3n en propietat o en arrendament. Peris indica que \u201chi ha joves que han realitzat inversions en els \u00faltims anys en les seues explotacions, volen mantindre&#8217;s en l&#8217;activitat com a professionals i no volen desfer-se de les seues terres\u201d.<\/p>\n\n\n\n<p>LA UNI\u00d3 mostra de nou la seua oposici\u00f3 davant la greu p\u00e8rdua de superf\u00edcie agr\u00e0ria i el mal que se li provoca a uns llauradors que han fet, al costat de les Administracions, una important inversi\u00f3 en els seus camps, tamb\u00e9 amb modernitzaci\u00f3 de regadius, i que ara veuran com eixe esfor\u00e7 queda en dubte.<\/p>\n\n\n\n<p>En cas que es duga a terme aquest projecte es perdria una important zona de cultiu agr\u00edcola i en conseq\u00fc\u00e8ncia es veurien afectades en gran manera les entitats de reg que subministren l&#8217;aigua a la zona plantejada, i donada la gran extensi\u00f3 en la qual es pret\u00e9n actuar, pot arribar a provocar la inviabilitat de l&#8217;activitat que desenvolupen i la seua desaparici\u00f3 com a col\u00b7lectiu de reg.<\/p>\n\n\n\n<p><\/p>\n","protected":false},"excerpt":{"rendered":"<p>14 de maig de 2025.- La Uni\u00f3 Llauradora denuncia que la gran planta fotovoltaica que Arada Solar preveu construir a la Plana Baixa posa en perill uns 126.000 arbres, la major part de c\u00edtrics en producci\u00f3 que suposen un gran embornal de CO\u2082. Hui ha posat en marxa una campanya mitjan\u00e7ant una protesta simb\u00f2lica en &#8230; <a title=\"LA UNI\u00d3 denuncia que la gran planta fotovoltaica de Arada Solar a la Plana Baixa posa en perill a 126.000 arbres, la major part c\u00edtrics en producci\u00f3\" class=\"read-more\" href=\"https:\/\/elcafedepipa.com\/index.php\/2025\/05\/14\/la-unio-denuncia-que-la-gran-planta-fotovoltaica-de-arada-solar-a-la-plana-baixa-posa-en-perill-a-126-000-arbres-la-major-part-citrics-en-produccio\/\" aria-label=\"M\u00e9s informaci\u00f3 sobre LA UNI\u00d3 denuncia que la gran planta fotovoltaica de Arada Solar a la Plana Baixa posa en perill a 126.000 arbres, la major part c\u00edtrics en producci\u00f3\">Read more<\/a><\/p>\n","protected":false},"author":2,"featured_media":13968,"comment_status":"closed","ping_status":"closed","sticky":false,"template":"","format":"standard","meta":{"om_disable_all_campaigns":false,"_monsterinsights_skip_tracking":false,"_monsterinsights_sitenote_active":false,"_monsterinsights_sitenote_note":"","_monsterinsights_sitenote_category":0,"_uf_show_specific_survey":0,"_uf_disable_surveys":false,"footnotes":""},"categories":[1],"tags":[],"class_list":["post-13967","post","type-post","status-publish","format-standard","has-post-thumbnail","hentry","category-non-classe"],"_links":{"self":[{"href":"https:\/\/elcafedepipa.com\/index.php\/wp-json\/wp\/v2\/posts\/13967","targetHints":{"allow":["GET"]}}],"collection":[{"href":"https:\/\/elcafedepipa.com\/index.php\/wp-json\/wp\/v2\/posts"}],"about":[{"href":"https:\/\/elcafedepipa.com\/index.php\/wp-json\/wp\/v2\/types\/post"}],"author":[{"embeddable":true,"href":"https:\/\/elcafedepipa.com\/index.php\/wp-json\/wp\/v2\/users\/2"}],"replies":[{"embeddable":true,"href":"https:\/\/elcafedepipa.com\/index.php\/wp-json\/wp\/v2\/comments?post=13967"}],"version-history":[{"count":0,"href":"https:\/\/elcafedepipa.com\/index.php\/wp-json\/wp\/v2\/posts\/13967\/revisions"}],"wp:featuredmedia":[{"embeddable":true,"href":"https:\/\/elcafedepipa.com\/index.php\/wp-json\/wp\/v2\/media\/13968"}],"wp:attachment":[{"href":"https:\/\/elcafedepipa.com\/index.php\/wp-json\/wp\/v2\/media?parent=13967"}],"wp:term":[{"taxonomy":"category","embeddable":true,"href":"https:\/\/elcafedepipa.com\/index.php\/wp-json\/wp\/v2\/categories?post=13967"},{"taxonomy":"post_tag","embeddable":true,"href":"https:\/\/elcafedepipa.com\/index.php\/wp-json\/wp\/v2\/tags?post=13967"}],"curies":[{"name":"wp","href":"https:\/\/api.w.org\/{rel}","templated":true}]}}