{"id":13958,"date":"2025-05-14T14:35:12","date_gmt":"2025-05-14T12:35:12","guid":{"rendered":"https:\/\/elcafedepipa.com\/?p=13958"},"modified":"2025-05-14T14:35:13","modified_gmt":"2025-05-14T12:35:13","slug":"el-pp-demana-mesures-urgents-per-a-atallar-la-plaga-de-cucs-que-afecta-els-veins-de-larea-6-de-la-vall","status":"publish","type":"post","link":"https:\/\/elcafedepipa.com\/index.php\/2025\/05\/14\/el-pp-demana-mesures-urgents-per-a-atallar-la-plaga-de-cucs-que-afecta-els-veins-de-larea-6-de-la-vall\/","title":{"rendered":"El PP demana mesures urgents per a atallar la plaga de cucs que afecta els ve\u00efns de l&#8217;\u00c0rea 6 de la Vall"},"content":{"rendered":"\n<p>El Partit Popular de la Vall d&#8217;Uix\u00f3 ha exigit a l&#8217;alcaldessa de la localitat mesures urgents per a atallar la plaga de cucs que afecta els ve\u00efns de l&#8217;\u00c0rea 6 de la Vall d&#8217;Uix\u00f3.<\/p>\n\n\n\n<p>\u201cLa problem\u00e0tica \u00e9s tal que els ve\u00efns es veuen obligats a arreplegar di\u00e0riament bosses plenes d&#8217;estos cucs que es reprodu\u00efxen per onsevulla\u201d, tal com ha explicat Herminio Serra, portaveu del PP.<\/p>\n\n\n\n<p>El regidor s&#8217;ha reunit amb ve\u00efns afectats per esta problem\u00e0tica que asseguren que arrepleguen estos cucs \u201cja no al carrer, davant de les seues cases, sin\u00f3 en les seues pr\u00f2pies llars. Des dels jardins a la cuina\u201d, alerta el regidor.<\/p>\n\n\n\n<p>Per al PP el problema \u201cno \u00e9s nou\u201d. \u201c\u00c9s la conseq\u00fc\u00e8ncia de l&#8217;aband\u00f3 absolut dels solars p\u00fablics i de les zones enjardinades i d&#8217;esplai\u201d. \u201cNo existix cap pla integral de conservaci\u00f3 i manteniment d&#8217;estos sectors. No hi ha desbrossaments, no hi ha poda i no hi ha neteja. I els resultats s\u00f3n els que ara estan patint els ve\u00efns\u201d, ha explicat el regidor del PP.<\/p>\n\n\n\n<p>Per a Serra, \u201c\u00e9s urgent que s&#8217;adopte immediatament solucions\u201d. \u201cEls ve\u00efns denuncien una situaci\u00f3 insostenible que obliga a prendre decisions r\u00e0pides\u201d. \u201cI \u00e9s el que demanem\u201d, ha assenyalat el portaveu del PP qui recorda que este no \u00e9s un cas a\u00efllat. \u201cFa anys ja denunciem esta mateixa situaci\u00f3 en un altre sector de la Vall d&#8217;Uix\u00f3. Concretament en la zona del pol\u00edgon 3 on tamb\u00e9 es donen casos de cultius abandonats i solars en des\u00fas\u201d.<\/p>\n\n\n\n<p>Des del PP demanen a l&#8217;equip de govern que lidera Tania Ba\u00f1os \u201cuna reacci\u00f3\u201d. \u201cSom conscients que l&#8217;alcaldessa est\u00e0 m\u00e9s ocupada en la seua carrera pol\u00edtica que en el servici als seus ve\u00efns. Per\u00f2 d&#8217;igual mode que a estos residents els cobra una de les contribucions m\u00e9s cares de tot el municipi, els ciutadans exigixen servicis al mateix nivell. Perqu\u00e8 els servicis cada vegada van a menys\u201d, ha lamentat el regidor del PP en la Vall<\/p>\n","protected":false},"excerpt":{"rendered":"<p>El Partit Popular de la Vall d&#8217;Uix\u00f3 ha exigit a l&#8217;alcaldessa de la localitat mesures urgents per a atallar la plaga de cucs que afecta els ve\u00efns de l&#8217;\u00c0rea 6 de la Vall d&#8217;Uix\u00f3. \u201cLa problem\u00e0tica \u00e9s tal que els ve\u00efns es veuen obligats a arreplegar di\u00e0riament bosses plenes d&#8217;estos cucs que es reprodu\u00efxen per &#8230; <a title=\"El PP demana mesures urgents per a atallar la plaga de cucs que afecta els ve\u00efns de l&#8217;\u00c0rea 6 de la Vall\" class=\"read-more\" href=\"https:\/\/elcafedepipa.com\/index.php\/2025\/05\/14\/el-pp-demana-mesures-urgents-per-a-atallar-la-plaga-de-cucs-que-afecta-els-veins-de-larea-6-de-la-vall\/\" aria-label=\"M\u00e9s informaci\u00f3 sobre El PP demana mesures urgents per a atallar la plaga de cucs que afecta els ve\u00efns de l&#8217;\u00c0rea 6 de la Vall\">Read more<\/a><\/p>\n","protected":false},"author":2,"featured_media":13960,"comment_status":"closed","ping_status":"closed","sticky":false,"template":"","format":"standard","meta":{"om_disable_all_campaigns":false,"_monsterinsights_skip_tracking":false,"_monsterinsights_sitenote_active":false,"_monsterinsights_sitenote_note":"","_monsterinsights_sitenote_category":0,"_uf_show_specific_survey":0,"_uf_disable_surveys":false,"footnotes":""},"categories":[2],"tags":[],"class_list":["post-13958","post","type-post","status-publish","format-standard","has-post-thumbnail","hentry","category-lavallduixo"],"_links":{"self":[{"href":"https:\/\/elcafedepipa.com\/index.php\/wp-json\/wp\/v2\/posts\/13958","targetHints":{"allow":["GET"]}}],"collection":[{"href":"https:\/\/elcafedepipa.com\/index.php\/wp-json\/wp\/v2\/posts"}],"about":[{"href":"https:\/\/elcafedepipa.com\/index.php\/wp-json\/wp\/v2\/types\/post"}],"author":[{"embeddable":true,"href":"https:\/\/elcafedepipa.com\/index.php\/wp-json\/wp\/v2\/users\/2"}],"replies":[{"embeddable":true,"href":"https:\/\/elcafedepipa.com\/index.php\/wp-json\/wp\/v2\/comments?post=13958"}],"version-history":[{"count":0,"href":"https:\/\/elcafedepipa.com\/index.php\/wp-json\/wp\/v2\/posts\/13958\/revisions"}],"wp:featuredmedia":[{"embeddable":true,"href":"https:\/\/elcafedepipa.com\/index.php\/wp-json\/wp\/v2\/media\/13960"}],"wp:attachment":[{"href":"https:\/\/elcafedepipa.com\/index.php\/wp-json\/wp\/v2\/media?parent=13958"}],"wp:term":[{"taxonomy":"category","embeddable":true,"href":"https:\/\/elcafedepipa.com\/index.php\/wp-json\/wp\/v2\/categories?post=13958"},{"taxonomy":"post_tag","embeddable":true,"href":"https:\/\/elcafedepipa.com\/index.php\/wp-json\/wp\/v2\/tags?post=13958"}],"curies":[{"name":"wp","href":"https:\/\/api.w.org\/{rel}","templated":true}]}}