{"id":13943,"date":"2025-05-14T14:07:30","date_gmt":"2025-05-14T12:07:30","guid":{"rendered":"https:\/\/elcafedepipa.com\/?p=13943"},"modified":"2025-05-14T14:07:31","modified_gmt":"2025-05-14T12:07:31","slug":"aguilella-demana-no-tancar-cofrents-per-a-evitar-apagades-reduir-la-factura-de-la-llum-i-millorar-la-sostenibilitat","status":"publish","type":"post","link":"https:\/\/elcafedepipa.com\/index.php\/2025\/05\/14\/aguilella-demana-no-tancar-cofrents-per-a-evitar-apagades-reduir-la-factura-de-la-llum-i-millorar-la-sostenibilitat\/","title":{"rendered":"Aguilella demana no tancar Cofrents per a evitar apagades, reduir la factura de la llum i millorar la sostenibilitat."},"content":{"rendered":"\n<p><strong>El PP ha demanat en el ple de Les Corts no tancar la central nuclear de Cofrents l\u2019any 2030<\/strong> per tal d\u2019evitar apagades, reduir la factura de la llum i millorar la sostenibilitat.<\/p>\n\n\n\n<p>En la seua intervenci\u00f3, el portaveu d\u2019Ind\u00fastria del GPP, <strong>Salvador Aguilella<\/strong>, ha defensat la PNL assenyalant que \u201cla proposta del PP \u00e9s a favor dels valencians i del futur energ\u00e8tic de la nostra Comunitat. \u00c9s una proposta per a assegurar un subministrament el\u00e8ctric estable, reduir la factura de la llum i contribuir activament a la reducci\u00f3 d\u2019emissions de CO\u2082. \u00c9s a dir, per a reduir la factura de la llum dels nostres ve\u00efns i garantir el subministrament tots els dies de l\u2019any, per la competitivitat de les nostres empreses, per la sostenibilitat del nostre entorn i per la sobirania energ\u00e8tica de la nostra terra\u201d.<\/p>\n\n\n\n<p>El diputat popular ha demanat a la resta de grups que abandonen el dogmatisme i ha afirmat que \u201cles energies no tenen ideologia. El que \u00e9s ideol\u00f2gic \u00e9s voler tancar una central nuclear plenament operativa, segura i eficient nom\u00e9s per motius partidistes i en contra dels valencians i valencianes\u201d.<\/p>\n\n\n\n<p>Aguilella ha advertit que \u201cel tancament precipitat de la central de Cofrents tindr\u00e0 conseq\u00fc\u00e8ncies molt greus, amb factures m\u00e9s altes per als valencians, m\u00e9s emissions contaminants i un risc real d\u2019apagades\u201d.<\/p>\n\n\n\n<p>\u201cLa esquerra vol que els valencians paguem la factura m\u00e9s alta de la llum de tota Europa. \u00c9s lamentable que siguem l\u2019\u00fanic pa\u00eds del m\u00f3n que gira l\u2019esquena a la nuclear, l\u2019\u00fanic pa\u00eds amb un pla per a tancar totes les seues centrals nuclears. No s\u2019ent\u00e9n el tancament de Cofrents. Suposar\u00e0 una major depend\u00e8ncia del gas, m\u00e9s emissions i m\u00e9s costos per a tots\u201d.<\/p>\n\n\n\n<p>Aguilella ha concl\u00f2s que \u201cel debat no \u00e9s entre nuclears o renovables. \u00c9s entre responsabilitat i ideologia. L\u2019energia no t\u00e9 ideologia, per\u00f2 tancar-la per sectarisme s\u00ed que \u00e9s ideol\u00f2gic\u201d.<\/p>\n","protected":false},"excerpt":{"rendered":"<p>El PP ha demanat en el ple de Les Corts no tancar la central nuclear de Cofrents l\u2019any 2030 per tal d\u2019evitar apagades, reduir la factura de la llum i millorar la sostenibilitat. En la seua intervenci\u00f3, el portaveu d\u2019Ind\u00fastria del GPP, Salvador Aguilella, ha defensat la PNL assenyalant que \u201cla proposta del PP \u00e9s &#8230; <a title=\"Aguilella demana no tancar Cofrents per a evitar apagades, reduir la factura de la llum i millorar la sostenibilitat.\" class=\"read-more\" href=\"https:\/\/elcafedepipa.com\/index.php\/2025\/05\/14\/aguilella-demana-no-tancar-cofrents-per-a-evitar-apagades-reduir-la-factura-de-la-llum-i-millorar-la-sostenibilitat\/\" aria-label=\"M\u00e9s informaci\u00f3 sobre Aguilella demana no tancar Cofrents per a evitar apagades, reduir la factura de la llum i millorar la sostenibilitat.\">Read more<\/a><\/p>\n","protected":false},"author":2,"featured_media":13944,"comment_status":"closed","ping_status":"closed","sticky":false,"template":"","format":"standard","meta":{"om_disable_all_campaigns":false,"_monsterinsights_skip_tracking":false,"_monsterinsights_sitenote_active":false,"_monsterinsights_sitenote_note":"","_monsterinsights_sitenote_category":0,"_uf_show_specific_survey":0,"_uf_disable_surveys":false,"footnotes":""},"categories":[11],"tags":[],"class_list":["post-13943","post","type-post","status-publish","format-standard","has-post-thumbnail","hentry","category-comunitatvalenciana"],"_links":{"self":[{"href":"https:\/\/elcafedepipa.com\/index.php\/wp-json\/wp\/v2\/posts\/13943","targetHints":{"allow":["GET"]}}],"collection":[{"href":"https:\/\/elcafedepipa.com\/index.php\/wp-json\/wp\/v2\/posts"}],"about":[{"href":"https:\/\/elcafedepipa.com\/index.php\/wp-json\/wp\/v2\/types\/post"}],"author":[{"embeddable":true,"href":"https:\/\/elcafedepipa.com\/index.php\/wp-json\/wp\/v2\/users\/2"}],"replies":[{"embeddable":true,"href":"https:\/\/elcafedepipa.com\/index.php\/wp-json\/wp\/v2\/comments?post=13943"}],"version-history":[{"count":0,"href":"https:\/\/elcafedepipa.com\/index.php\/wp-json\/wp\/v2\/posts\/13943\/revisions"}],"wp:featuredmedia":[{"embeddable":true,"href":"https:\/\/elcafedepipa.com\/index.php\/wp-json\/wp\/v2\/media\/13944"}],"wp:attachment":[{"href":"https:\/\/elcafedepipa.com\/index.php\/wp-json\/wp\/v2\/media?parent=13943"}],"wp:term":[{"taxonomy":"category","embeddable":true,"href":"https:\/\/elcafedepipa.com\/index.php\/wp-json\/wp\/v2\/categories?post=13943"},{"taxonomy":"post_tag","embeddable":true,"href":"https:\/\/elcafedepipa.com\/index.php\/wp-json\/wp\/v2\/tags?post=13943"}],"curies":[{"name":"wp","href":"https:\/\/api.w.org\/{rel}","templated":true}]}}