{"id":13937,"date":"2025-05-14T16:00:00","date_gmt":"2025-05-14T14:00:00","guid":{"rendered":"https:\/\/elcafedepipa.com\/?p=13937"},"modified":"2025-05-14T13:45:46","modified_gmt":"2025-05-14T11:45:46","slug":"la-diputacio-de-castello-amplia-el-termini-dadjudicacio-i-justificacio-de-les-obres-incloses-en-el-pla-impulsa","status":"publish","type":"post","link":"https:\/\/elcafedepipa.com\/index.php\/2025\/05\/14\/la-diputacio-de-castello-amplia-el-termini-dadjudicacio-i-justificacio-de-les-obres-incloses-en-el-pla-impulsa\/","title":{"rendered":"La Diputaci\u00f3 de Castell\u00f3 amplia el termini d&#8217;adjudicaci\u00f3 i justificaci\u00f3 de les obres incloses en el Pla Impulsa"},"content":{"rendered":"\n<p>La Diputaci\u00f3 Provincial de Castell\u00f3 ha ampliat el termini d&#8217;adjudicaci\u00f3 i justificaci\u00f3 de les obres incloses en el Pla Impulsa. Aix\u00ed ho ha anunciat el vicepresident i responsable de l&#8217;\u00e0rea de Bon Govern, H\u00e9ctor Folgado, qui ha assenyalat que \u201camb esta mesura donem m\u00e9s marge als ajuntaments per a poder gestionar els seus projectes i garantir que les obres es puguen dur a terme amb \u00e8xit\u201d.<\/p>\n\n\n\n<p>\u201cNo volem que cap municipi es quede fora del Pla Impulsa i per aix\u00f2, davant les circumst\u00e0ncies excepcionals que la dana va provocar en tots els nivells en la nostra terra, i les dificultats amb les quals es van trobar molts ajuntaments a l&#8217;hora d&#8217;avan\u00e7ar tr\u00e0mits, hem decidit estendre la data perqu\u00e8 puguen adjudicar les obres en temps suficient\u201d, ha explicat H\u00e9ctor Folgado.<\/p>\n\n\n\n<p>La pr\u00f2rroga s&#8217;aprovar\u00e0 en el ple d&#8217;este mes. D&#8217;esta manera, el termini d&#8217;adjudicaci\u00f3 de les obres es trasllada del 30 de maig de 2025 al 31 de juliol del mateix any, mentres que el de justificaci\u00f3 passa del 30 d&#8217;octubre al 28 de novembre de 2025. \u201cSom ac\u00ed per a donar solucions als ajuntaments, per aix\u00f2 els donarem les majors facilitats perqu\u00e8 puguen adjudicar i justificar les obres dins del termini i en la forma corresponent\u201d, ha ressaltat H\u00e9ctor Folgado.<\/p>\n\n\n\n<p>En este sentit, el vicepresident de la instituci\u00f3 provincial ha recordat que \u201camb el Pla Impulsa aconseguim atendre les necessitats dels nostres 135 municipis de manera real i efectiva, garantint serveis de qualitat per als nostres ve\u00efns i ve\u00efnes\u201d.<\/p>\n\n\n\n<p>Este pla, que est\u00e0 dotat amb el major esfor\u00e7 financer realitzat per la Diputaci\u00f3 de Castell\u00f3, \u00e9s fruit de la voluntat d&#8217;esta instituci\u00f3 d&#8217;incrementar l&#8217;autonomia local, reduir la burocr\u00e0cia i incrementar el finan\u00e7ament per als xicotets municipis, a fi de fer pobles m\u00e9s eficients i sostenibles, on existisca m\u00e9s igualtat i just\u00edcia social.<\/p>\n\n\n\n<p>Un pla que compta amb un pressupost de 31.716.060 euros per als exercicis 2024-2025; un pla biennal, la qual cosa comporta al fet que els municipis tinguen la possibilitat d&#8217;executar obres de m\u00e9s envergadura. Cal destacar tamb\u00e9 que el Pla Diputaci\u00f3 Impulsa va directe als municipis per a obres, inversions i gasto corrent i la Diputaci\u00f3 Provincial ha augmentat els recursos ja que la seua consignaci\u00f3 s&#8217;ha incrementat en aproximadament un mili\u00f3 d&#8217;euros respecte a l&#8217;anterior pla. Una altra de les caracter\u00edstiques del pla \u00e9s la possibilitat que tenen els ajuntaments per a destinar fins a un 40% del pla a gasto corrent.<\/p>\n\n\n\n<p>En eixe sentit, s&#8217;ha de destinar un m\u00ednim del 60% de la quantitat m\u00e0xima subvencionada a obres, mentres que el 40% restant pot destinar-se a gasto corrent, aix\u00f2 \u00e9s, aquells recursos destinats a atendre els gastos corrents en b\u00e9ns i serveis, necessaris per a l&#8217;exercici de les activitats de l&#8217;entitat benefici\u00e0ria destinats al funcionament dels serveis p\u00fablics municipals.<\/p>\n","protected":false},"excerpt":{"rendered":"<p>La Diputaci\u00f3 Provincial de Castell\u00f3 ha ampliat el termini d&#8217;adjudicaci\u00f3 i justificaci\u00f3 de les obres incloses en el Pla Impulsa. Aix\u00ed ho ha anunciat el vicepresident i responsable de l&#8217;\u00e0rea de Bon Govern, H\u00e9ctor Folgado, qui ha assenyalat que \u201camb esta mesura donem m\u00e9s marge als ajuntaments per a poder gestionar els seus projectes i &#8230; <a title=\"La Diputaci\u00f3 de Castell\u00f3 amplia el termini d&#8217;adjudicaci\u00f3 i justificaci\u00f3 de les obres incloses en el Pla Impulsa\" class=\"read-more\" href=\"https:\/\/elcafedepipa.com\/index.php\/2025\/05\/14\/la-diputacio-de-castello-amplia-el-termini-dadjudicacio-i-justificacio-de-les-obres-incloses-en-el-pla-impulsa\/\" aria-label=\"M\u00e9s informaci\u00f3 sobre La Diputaci\u00f3 de Castell\u00f3 amplia el termini d&#8217;adjudicaci\u00f3 i justificaci\u00f3 de les obres incloses en el Pla Impulsa\">Read more<\/a><\/p>\n","protected":false},"author":2,"featured_media":13938,"comment_status":"closed","ping_status":"closed","sticky":false,"template":"","format":"standard","meta":{"om_disable_all_campaigns":false,"_monsterinsights_skip_tracking":false,"_monsterinsights_sitenote_active":false,"_monsterinsights_sitenote_note":"","_monsterinsights_sitenote_category":0,"_uf_show_specific_survey":0,"_uf_disable_surveys":false,"footnotes":""},"categories":[10],"tags":[],"class_list":["post-13937","post","type-post","status-publish","format-standard","has-post-thumbnail","hentry","category-provinciadecastello"],"_links":{"self":[{"href":"https:\/\/elcafedepipa.com\/index.php\/wp-json\/wp\/v2\/posts\/13937","targetHints":{"allow":["GET"]}}],"collection":[{"href":"https:\/\/elcafedepipa.com\/index.php\/wp-json\/wp\/v2\/posts"}],"about":[{"href":"https:\/\/elcafedepipa.com\/index.php\/wp-json\/wp\/v2\/types\/post"}],"author":[{"embeddable":true,"href":"https:\/\/elcafedepipa.com\/index.php\/wp-json\/wp\/v2\/users\/2"}],"replies":[{"embeddable":true,"href":"https:\/\/elcafedepipa.com\/index.php\/wp-json\/wp\/v2\/comments?post=13937"}],"version-history":[{"count":0,"href":"https:\/\/elcafedepipa.com\/index.php\/wp-json\/wp\/v2\/posts\/13937\/revisions"}],"wp:featuredmedia":[{"embeddable":true,"href":"https:\/\/elcafedepipa.com\/index.php\/wp-json\/wp\/v2\/media\/13938"}],"wp:attachment":[{"href":"https:\/\/elcafedepipa.com\/index.php\/wp-json\/wp\/v2\/media?parent=13937"}],"wp:term":[{"taxonomy":"category","embeddable":true,"href":"https:\/\/elcafedepipa.com\/index.php\/wp-json\/wp\/v2\/categories?post=13937"},{"taxonomy":"post_tag","embeddable":true,"href":"https:\/\/elcafedepipa.com\/index.php\/wp-json\/wp\/v2\/tags?post=13937"}],"curies":[{"name":"wp","href":"https:\/\/api.w.org\/{rel}","templated":true}]}}