{"id":13934,"date":"2025-05-14T13:41:56","date_gmt":"2025-05-14T11:41:56","guid":{"rendered":"https:\/\/elcafedepipa.com\/?p=13934"},"modified":"2025-05-14T13:41:57","modified_gmt":"2025-05-14T11:41:57","slug":"la-diputacio-de-castello-reforca-les-actuacions-de-vigilancia-i-tractaments-larvicides-per-a-frenar-la-presencia-de-mosquits-a-la-provincia","status":"publish","type":"post","link":"https:\/\/elcafedepipa.com\/index.php\/2025\/05\/14\/la-diputacio-de-castello-reforca-les-actuacions-de-vigilancia-i-tractaments-larvicides-per-a-frenar-la-presencia-de-mosquits-a-la-provincia\/","title":{"rendered":"La Diputaci\u00f3 de Castell\u00f3 refor\u00e7a les actuacions de vigil\u00e0ncia i tractaments larvicides per a frenar la pres\u00e8ncia de mosquits a la prov\u00edncia"},"content":{"rendered":"\n<p>La Diputaci\u00f3 Provincial de Castell\u00f3 refor\u00e7a les actuacions de vigil\u00e0ncia i tractaments larvicides per a frenar la pres\u00e8ncia de mosquits despr\u00e9s de les \u00faltimes precipitacions esdevingudes a la prov\u00edncia.<\/p>\n\n\n\n<p>Aix\u00ed, les primeres actuacions s&#8217;han centrat en les zones inundables de la marjaleria de la franja litoral de Castell\u00f3, amb l&#8217;objectiu de \u201cevitar que es convertisquen en focus de cria de mosquit\u201d, ha manifestat el diputat de Medi Natural, Jos\u00e9 Mar\u00eda Andr\u00e9s.<\/p>\n\n\n\n<p>Per a aix\u00f2, s&#8217;han incrementat els equips en els municipis del litoral castellonencs per a atallar els tractaments larvicides en el menor temps possible i evitar, d&#8217;esta manera, l&#8217;eclosi\u00f3 dels adults, ja que, tal com ha assenyalat el diputat provincial, \u201cles temperatures s\u00f3n favorables per al seu desenvolupament\u201d.<\/p>\n\n\n\n<p>A m\u00e9s, s&#8217;est\u00e0 actuant tamb\u00e9 sobre els arrossars del sud de Castell\u00f3 que han comen\u00e7at a inundar-se per a la plantaci\u00f3 d&#8217;arr\u00f2s, en detectar-se estats larvaris primaris de mosquit de marjal.<\/p>\n\n\n\n<p>En este sentit, Jos\u00e9 Mar\u00eda Andr\u00e9s, ha destacat \u201cla rapidesa i l&#8217;esfor\u00e7\u201d del servei de control de mosquits per a \u201cevitar l&#8217;eclosi\u00f3 de mosquits adults i garantir la sanitat ambiental i la salut p\u00fablica de la ciutadania de la prov\u00edncia de Castell\u00f3\u201d, amb m\u00e8todes que actuen de manera directa sobre les larves.<\/p>\n\n\n\n<p>Sens dubte, la prevenci\u00f3 \u00e9s essencial, ja que \u201cestos insectes poden ser transmissors de malalties, per la qual cosa la intervenci\u00f3 primerenca i el control dels focus de reproducci\u00f3 \u00e9s una prioritat per a la Diputaci\u00f3 de Castell\u00f3\u201d, ha subratllat el diputat de Medi Natural, qui ha posat en manifest \u201cel comprom\u00eds de l&#8217;equip de Govern Provincial per a garantir la salut p\u00fablica de tots els castellonencs\u201d.<\/p>\n\n\n\n<p>D&#8217;esta manera, ha indicat que continuen les labors de vigil\u00e0ncia i control larvicida per part del servei de control de mosquits, i ha assegurat que \u201cles revisions dels tractaments ja executats, durant els \u00faltims dies, mostren una alta efectivitat dels mateixos en les zones inundables\u201d. Unes inspeccions que es mantindran durant les pr\u00f2ximes setmanes per a assegurar el control dels potencials focus.<\/p>\n\n\n\n<p>\u201cDes de la Diputaci\u00f3 de Castell\u00f3 continuem treballant intensament per a pal\u00b7liar les mol\u00e8sties que puguen generar la proliferaci\u00f3 d&#8217;estos insectes\u201d, ha assegurat Jos\u00e9 Mar\u00eda Andr\u00e9s. Per\u00f2, per a aconseguir-ho, ha insistit dient, \u201cla participaci\u00f3 ciutadana \u00e9s fonamental\u201d.<\/p>\n\n\n\n<p>Al respecte, des del servei de control de mosquits recorden a la ciutadania la import\u00e0ncia de mantindre netes les parcel\u00b7les, i insistixen en una gesti\u00f3 adequada de s\u00e9quies en estes \u00e0rees perqu\u00e8 els equips de tractament puguen accedir per a la gesti\u00f3 de les poblacions de mosquits, amb la finalitat de \u201cdur a terme tractaments larvicides en el menor temps possible despr\u00e9s de les pluges\u201d, ha rematat el responsable de l&#8217;\u00e0rea de Medi Natural.<\/p>\n\n\n\n<figure class=\"wp-block-image\"><img decoding=\"async\" src=\"https:\/\/attachment.outlook.live.net\/owa\/MSA%3Acc5365c3f7dd9ce4d9b90e6c827db01b594c6660eeea802e5a4261ecbb1a3b77%40shadow.outlook.com\/service.svc\/s\/GetAttachmentThumbnail?id=AQMkAGM4YzkwMAItZGZjOC1jNTQ1LTAwAi0wMAoARgAAA9cCEmx8MKRJt8qcbetlCk8HALfylbCfFZBMsjL0Guod8mwAAAIBDAAAALfylbCfFZBMsjL0Guod8mwAAACza%2BsPAAAAARIAEABzGnDTff4WTaOuyIEdPv3l&amp;thumbnailType=2&amp;isc=1&amp;token=eyJhbGciOiJSUzI1NiIsInR5cCI6IkpXVCIsImtpZCI6IlM4eE4wTjN0WlY5QStpNjUrTGFsQU5hMUQydz0iLCJ4NXQiOiJTOHhOME4zdFpWOUEraTY1K0xhbEFOYTFEMnc9Iiwibm9uY2UiOiJQejkxV0M0SUZhYWlrdHpOaVNIbS1GVm9oaVJObUNyUGwtcDlCelItYkV2MUpnc0ZvUXBpNzA1QzIwZkw3Q21KRDhRT0J4TjVYRFdvMk5CaEFCQ1I0VWxaR0dFNGpLNFRPQmNmQ3FTOEJkWWg4bVpZQnZZczVOV084QjU4Q2dSaG5oQk9xX2NMbzQteDcxYXBlNDJKdXV6VjlsTkt5TDJTckhJdkRuVDRNbVkiLCJpc3Nsb2MiOiJBTTZQUjA4TUI0MjMyIiwic3JzbiI6NjM4ODI1ODYyMDg4NjgzMjk2fQ.eyJzYXAtdmVyc2lvbiI6IjMyIiwiYXBwaWQiOiJhZjNlYmJiYS1jMjNmLTQ5MmEtYWE5My04MzQyMTY5NmVjNGIiLCJpc3NyaW5nIjoiV1ciLCJhcHBpZGFjciI6IjIiLCJhcHBfZGlzcGxheW5hbWUiOiIiLCJ1dGkiOiIyMDQwMmEzZC1iMGQzLTQ2ZDMtOTU3ZC1kNzMyYjc0OTVmYjYiLCJpYXQiOjE3NDcyMjI3MTMsInZlciI6IlNUSS5Vc2VyLkNhbGxiYWNrVG9rZW4uVjEiLCJ0aWQiOiI4NGRmOWU3ZmU5ZjY0MGFmYjQzNWFhYWFhYWFhYWFhYSIsInRydXN0ZWRmb3JkZWxlZ2F0aW9uIjoiZmFsc2UiLCJ0b3BvbG9neSI6IntcIlR5cGVcIjpcIk1hY2hpbmVcIixcIlZhbHVlXCI6XCJBTTZQUjA4TUI0MjMyLmV1cnByZDA4LnByb2Qub3V0bG9vay5jb21cIn0iLCJyZXF1ZXN0b3JfYXBwaWQiOiIxNTdjZGZiZi03Mzk4LTRhNTYtOTZjMy1lOTNlOWFiMzA5YjUiLCJyZXF1ZXN0b3JfYXBwX2Rpc3BsYXluYW1lIjoiT2ZmaWNlIDM2NSBFeGNoYW5nZSBNaWNyb3NlcnZpY2UiLCJzY3AiOiJPd2FBdHRhY2htZW50cy5SZWFkIiwib2lkIjoiYzhjOTAwMDAtZGZjOC1jNTQ1LTAwMDAtMDAwMDAwMDAwMDAwIiwicHVpZCI6IkM4QzkwMDAwREZDOEM1NDUiLCJzbXRwIjoiY2M1MzY1YzNmN2RkOWNlNGQ5YjkwZTZjODI3ZGIwMWI1OTRjNjY2MGVlZWE4MDJlNWE0MjYxZWNiYjFhM2I3N0BzaGFkb3cub3V0bG9vay5jb20iLCJ1cG4iOiJjYzUzNjVjM2Y3ZGQ5Y2U0ZDliOTBlNmM4MjdkYjAxYjU5NGM2NjYwZWVlYTgwMmU1YTQyNjFlY2JiMWEzYjc3QHNoYWRvdy5vdXRsb29rLmNvbSIsInVzZXJjYWxsYmFja3VzZXJjb250ZXh0aWQiOiJhNWY1YzViMTM2YjM0ZDA5ODE3Y2I2YWJjMzc0MDE3MyIsImVwayI6IntcImt0eVwiOlwiUlNBXCIsXCJuXCI6XCJuVXllM2dMWTNpQ2V4dmhXN3A4QkY2Uy1TSWF0WENFbjd2UFJOZHNCcGRrbVc5ekZDTkpoNTFjQzZ4UzJGdVFfc0prcTdaT3FmX2JkRDlubXdMWTBSc1NCYW1PVWVBZ3JWOGpVZDJyY2FNaGpvUzNBYjNvRHVmZ1IzQmdJODk0UzA3bFRodUJaWm1pR3ppR195X2ZSbVNybU9QVlgtUEJ6d3RrUkduMW9GUnQ0aUJjSks2cjNOSkJfZjdrYnk4LUhpSWQwTGk0UUlTVlhmNnNkMXVtZ0ZsM0ZUTU5OemR0dEVTTkk5Qk9tckdQUktIVERzaEwwbGZXX2tUNG5DWTBOb0ctQW83Zmw3c00wRHc2cmNTY3RwMXYycHFOMFhwZWxNWjBoRVVNTnBRWlp3dDZ0Zm9TR3dKU2gwZGRxTkEwRjBPdVJZSU9tVXQtRVE0d3NsbnpSSFFcIixcImVcIjpcIkFRQUJcIixcImFsZ1wiOlwiUlMyNTZcIixcImV4cFwiOlwiMTc0NzMxMjU2MlwiLFwiZXhwX2RpZmZcIjpcIjg2NDAwXCIsXCJraWRcIjpcIlhYQWNSclJrWHRxcHJxc0JsUXhiX0VYc0Z3MFwifS5MMVg3MXZFbDJ1cW81OVU3bzdDeDAzRm9qSDVLZTBFa2NPU3VHMjAwRjFhTEFsMldSUXpmNUoyTXBsVjI2bTZNM1dxejFVcnRVUThBYWp4SnB5ekZkYnpVdm5BY3JvYnppZjhWQndEL0hIUXZjeTMrakE3NmZ5MDM1bW5SQ2JsT25uN0VEaWVpeUhUNHR5dDNldktZTlVvSUZ2UjZHUnNXQ3BkR0Zyb2o3MjR6Y0I1cW00Ymk4dVBnaFFFbldaRGp3dkk5UjVuZE9FQUUwZHBqMWZLQU93NDhvZTBZa0tSYUNpOTBUUWdCNExJekpFZnpxdnpaRnRGVGhRekVvazhSWW51SFkxcVhNcnpHYUcvTFlQVE91ME0xRDV5VmlJZU55Tis0VUdVVTA4VXJSR1Z6TkxsclowbFJnSEhvRVJ3VzFUcklvMGxSOWhUdHJBK3FrZ1JLZFE9PSIsIm5iZiI6MTc0NzIyMjcxMywiZXhwIjoxNzQ3MjIzMDEzLCJpc3MiOiJodHRwczovL3N1YnN0cmF0ZS5vZmZpY2UuY29tL3N0cy8iLCJhdWQiOiJodHRwczovL291dGxvb2sub2ZmaWNlLmNvbSIsInNzZWMiOiJFN01HU1FxcGpWU1l3NkNEIn0.lxhgVN5fNWkgB1IjaFPrDpP22A3wHGBTOdpGjiZtG4a44jyvHd0MsEr_pveHtiJi3cm2lGx3XihPE7HsI5OT7O07r5toGYiC5Z3cCr94RVnxMEiYGuietAMLNkUroh0mwNJ5qvzcC5XnHNopPD_K21hofuG91WcqBzppZjIykang7wRW365D-YW02_PsoPxjlBfSUbXHov-GfA0dDD0e3SyUe1UgxUOMFJ2pOH8xvs_lUCUpHCX7DMVtTjFK9hulSixcW-FbB-LWNQ6mZ5GTFzKQNJyEUD_PyQECJHdFMwLJlgr4tgW_EOh95ROdEZVjBhieHKSIWP_1JX4olz6rhQ&amp;X-OWA-CANARY=X-OWA-CANARY_cookie_is_null_or_empty&amp;owa=outlook.office.com&amp;scriptVer=20250509011.01&amp;clientId=9D102550BD6B4DD893AD89D9C51CE92B&amp;animation=true&amp;persistenceId=dfe7cb4f-a6bf-4148-b72c-84af090c5629\" alt=\"Visualitzaci\u00f3 pr\u00e8via de la imatge\"\/><\/figure>\n","protected":false},"excerpt":{"rendered":"<p>La Diputaci\u00f3 Provincial de Castell\u00f3 refor\u00e7a les actuacions de vigil\u00e0ncia i tractaments larvicides per a frenar la pres\u00e8ncia de mosquits despr\u00e9s de les \u00faltimes precipitacions esdevingudes a la prov\u00edncia. Aix\u00ed, les primeres actuacions s&#8217;han centrat en les zones inundables de la marjaleria de la franja litoral de Castell\u00f3, amb l&#8217;objectiu de \u201cevitar que es convertisquen &#8230; <a title=\"La Diputaci\u00f3 de Castell\u00f3 refor\u00e7a les actuacions de vigil\u00e0ncia i tractaments larvicides per a frenar la pres\u00e8ncia de mosquits a la prov\u00edncia\" class=\"read-more\" href=\"https:\/\/elcafedepipa.com\/index.php\/2025\/05\/14\/la-diputacio-de-castello-reforca-les-actuacions-de-vigilancia-i-tractaments-larvicides-per-a-frenar-la-presencia-de-mosquits-a-la-provincia\/\" aria-label=\"M\u00e9s informaci\u00f3 sobre La Diputaci\u00f3 de Castell\u00f3 refor\u00e7a les actuacions de vigil\u00e0ncia i tractaments larvicides per a frenar la pres\u00e8ncia de mosquits a la prov\u00edncia\">Read more<\/a><\/p>\n","protected":false},"author":2,"featured_media":13935,"comment_status":"closed","ping_status":"closed","sticky":false,"template":"","format":"standard","meta":{"om_disable_all_campaigns":false,"_monsterinsights_skip_tracking":false,"_monsterinsights_sitenote_active":false,"_monsterinsights_sitenote_note":"","_monsterinsights_sitenote_category":0,"_uf_show_specific_survey":0,"_uf_disable_surveys":false,"footnotes":""},"categories":[11],"tags":[],"class_list":["post-13934","post","type-post","status-publish","format-standard","has-post-thumbnail","hentry","category-comunitatvalenciana"],"_links":{"self":[{"href":"https:\/\/elcafedepipa.com\/index.php\/wp-json\/wp\/v2\/posts\/13934","targetHints":{"allow":["GET"]}}],"collection":[{"href":"https:\/\/elcafedepipa.com\/index.php\/wp-json\/wp\/v2\/posts"}],"about":[{"href":"https:\/\/elcafedepipa.com\/index.php\/wp-json\/wp\/v2\/types\/post"}],"author":[{"embeddable":true,"href":"https:\/\/elcafedepipa.com\/index.php\/wp-json\/wp\/v2\/users\/2"}],"replies":[{"embeddable":true,"href":"https:\/\/elcafedepipa.com\/index.php\/wp-json\/wp\/v2\/comments?post=13934"}],"version-history":[{"count":0,"href":"https:\/\/elcafedepipa.com\/index.php\/wp-json\/wp\/v2\/posts\/13934\/revisions"}],"wp:featuredmedia":[{"embeddable":true,"href":"https:\/\/elcafedepipa.com\/index.php\/wp-json\/wp\/v2\/media\/13935"}],"wp:attachment":[{"href":"https:\/\/elcafedepipa.com\/index.php\/wp-json\/wp\/v2\/media?parent=13934"}],"wp:term":[{"taxonomy":"category","embeddable":true,"href":"https:\/\/elcafedepipa.com\/index.php\/wp-json\/wp\/v2\/categories?post=13934"},{"taxonomy":"post_tag","embeddable":true,"href":"https:\/\/elcafedepipa.com\/index.php\/wp-json\/wp\/v2\/tags?post=13934"}],"curies":[{"name":"wp","href":"https:\/\/api.w.org\/{rel}","templated":true}]}}