{"id":13931,"date":"2025-05-14T12:55:01","date_gmt":"2025-05-14T10:55:01","guid":{"rendered":"https:\/\/elcafedepipa.com\/?p=13931"},"modified":"2025-05-14T12:55:01","modified_gmt":"2025-05-14T10:55:01","slug":"el-ppcv-nega-opacitat-i-recorda-al-pspv-i-a-compromis-que-les-normes-de-les-corts-son-les-mateixes-en-totes-les-legislatures","status":"publish","type":"post","link":"https:\/\/elcafedepipa.com\/index.php\/2025\/05\/14\/el-ppcv-nega-opacitat-i-recorda-al-pspv-i-a-compromis-que-les-normes-de-les-corts-son-les-mateixes-en-totes-les-legislatures\/","title":{"rendered":"El PPCV nega opacitat i recorda al PSPV i a Comprom\u00eds que &#8220;les normes de Les Corts s\u00f3n les mateixes en totes les legislatures.&#8221;"},"content":{"rendered":"\n<p>El s\u00edndic del GPP, <strong>Juanfran P\u00e9rez<\/strong>, s&#8217;ha mostrat &#8220;sorpr\u00e8s&#8221; davant les acusacions de censura i opacitat del <strong>PSPV<\/strong> i <strong>Comprom\u00eds<\/strong>, ja que, segons ha assenyalat, &#8220;les normes de Les Corts s\u00f3n les mateixes en totes les legislatures&#8221;.<\/p>\n\n\n\n<p>&#8220;Ens sorpr\u00e9n que plantegen aix\u00f2 els partits de l&#8217;oposici\u00f3, especialment el <strong>Partit Socialista<\/strong>, quan van abandonar de manera volunt\u00e0ria la <strong>Mesa de Les Corts<\/strong>, lloc on es poden debatre i solucionar conflictes&#8221;, ha assenyalat tamb\u00e9 el <strong>secretari general dels populars valencians<\/strong>, qui ha recordat que &#8220;la senyora Bravo va dimitir sense donar cap explicaci\u00f3&#8221;.<\/p>\n\n\n\n<p>Per aix\u00f2, ha apuntat que tant al <strong>PSOE<\/strong> com a <strong>Comprom\u00eds<\/strong> &#8220;els fa r\u00e0bia que els valencians tinguen pressupostos, que es complisca amb l\u2019obligaci\u00f3 que tenim els diputats d\u2019aprovar pressupostos, i m\u00e9s si ho comparem amb l\u2019actuaci\u00f3 del <strong>Govern d\u2019Espanya<\/strong> al Congr\u00e9s, on s\u00f3n incapa\u00e7os de tirar-los endavant&#8221;.<\/p>\n\n\n\n<p>D\u2019altra banda, i en resposta a les preguntes dels mitjans de comunicaci\u00f3 sobre el <strong>congr\u00e9s nacional del Partit Popular<\/strong>, el secretari general del <strong>PPCV<\/strong> l\u2019ha qualificat com &#8220;una bona not\u00edcia que continuem enfortint el partit de cara a eixes eleccions nacionals que poden arribar&#8221;. Un escenari que &#8220;en qualsevol pa\u00eds, amb les circumst\u00e0ncies que s\u2019estan donant al nostre, amb dos anys sense pressupostos generals, ja s\u2019haurien convocat eleccions&#8221;.<\/p>\n\n\n\n<p>Pel que fa al <strong>congr\u00e9s regional del PPCV<\/strong>, Juanfran P\u00e9rez ha remarcat que &#8220;en unes circumst\u00e0ncies tan especials com les que travessa la <strong>Comunitat Valenciana<\/strong>, el m\u00e9s important ara \u00e9s la reconstrucci\u00f3 i no els canvis org\u00e0nics&#8221;. No obstant aix\u00f2, ha afirmat que &#8220;arribat el moment, s\u2019haur\u00e0 d\u2019afrontar&#8221; i que &#8220;com a militant del <strong>Partit Popular de la Comunitat Valenciana<\/strong> vull que hi haja congressos a la meua terra i que siguem els valencians qui triem els futurs dirigents&#8221;.<\/p>\n\n\n\n<p>Quant a la <strong>reconstrucci\u00f3<\/strong> i als <strong>contractes d\u2019emerg\u00e8ncia<\/strong>, el secretari general dels populars valencians ha fet \u00e8mfasi que &#8220;les obres que ha de dur a terme la Generalitat Valenciana avancen perqu\u00e8 s\u2019ha mostrat inter\u00e8s a tramitar-les amb la urg\u00e8ncia que mereixen estes circumst\u00e0ncies&#8221;. En este sentit, ha remarcat que alguns <strong>alcaldes de les zones afectades<\/strong>, que s\u00f3n del <strong>PSOE<\/strong> i <strong>Comprom\u00eds<\/strong>, assenyalen que &#8220;les obres del Govern d\u2019Espanya no avancen, ja siga per problemes burocr\u00e0tics o perqu\u00e8 no hi ha un veritable inter\u00e8s, o ambdues coses&#8221;.<\/p>\n\n\n\n<p>El s\u00edndic popular ha insistit que &#8220;ja m\u2019agradaria a mi, com a valenci\u00e0, que eixe inter\u00e8s, eixa agilitat i simplificaci\u00f3 administrativa que est\u00e0 tenint la Generalitat, la tinguera el <strong>Govern d\u2019Espanya<\/strong>, perqu\u00e8 estic conven\u00e7ut que tots els pobles afectats estarien veient obres tan importants com la canalitzaci\u00f3 de barrancs, que hui dia no estan en marxa per l\u2019opacitat i la burocr\u00e0cia que l\u2019envaeix, i per la manca de resoluci\u00f3 del Govern&#8221;.<\/p>\n","protected":false},"excerpt":{"rendered":"<p>El s\u00edndic del GPP, Juanfran P\u00e9rez, s&#8217;ha mostrat &#8220;sorpr\u00e8s&#8221; davant les acusacions de censura i opacitat del PSPV i Comprom\u00eds, ja que, segons ha assenyalat, &#8220;les normes de Les Corts s\u00f3n les mateixes en totes les legislatures&#8221;. &#8220;Ens sorpr\u00e9n que plantegen aix\u00f2 els partits de l&#8217;oposici\u00f3, especialment el Partit Socialista, quan van abandonar de manera &#8230; <a title=\"El PPCV nega opacitat i recorda al PSPV i a Comprom\u00eds que &#8220;les normes de Les Corts s\u00f3n les mateixes en totes les legislatures.&#8221;\" class=\"read-more\" href=\"https:\/\/elcafedepipa.com\/index.php\/2025\/05\/14\/el-ppcv-nega-opacitat-i-recorda-al-pspv-i-a-compromis-que-les-normes-de-les-corts-son-les-mateixes-en-totes-les-legislatures\/\" aria-label=\"M\u00e9s informaci\u00f3 sobre El PPCV nega opacitat i recorda al PSPV i a Comprom\u00eds que &#8220;les normes de Les Corts s\u00f3n les mateixes en totes les legislatures.&#8221;\">Read more<\/a><\/p>\n","protected":false},"author":2,"featured_media":13932,"comment_status":"closed","ping_status":"closed","sticky":false,"template":"","format":"standard","meta":{"om_disable_all_campaigns":false,"_monsterinsights_skip_tracking":false,"_monsterinsights_sitenote_active":false,"_monsterinsights_sitenote_note":"","_monsterinsights_sitenote_category":0,"_uf_show_specific_survey":0,"_uf_disable_surveys":false,"footnotes":""},"categories":[11],"tags":[],"class_list":["post-13931","post","type-post","status-publish","format-standard","has-post-thumbnail","hentry","category-comunitatvalenciana"],"_links":{"self":[{"href":"https:\/\/elcafedepipa.com\/index.php\/wp-json\/wp\/v2\/posts\/13931","targetHints":{"allow":["GET"]}}],"collection":[{"href":"https:\/\/elcafedepipa.com\/index.php\/wp-json\/wp\/v2\/posts"}],"about":[{"href":"https:\/\/elcafedepipa.com\/index.php\/wp-json\/wp\/v2\/types\/post"}],"author":[{"embeddable":true,"href":"https:\/\/elcafedepipa.com\/index.php\/wp-json\/wp\/v2\/users\/2"}],"replies":[{"embeddable":true,"href":"https:\/\/elcafedepipa.com\/index.php\/wp-json\/wp\/v2\/comments?post=13931"}],"version-history":[{"count":0,"href":"https:\/\/elcafedepipa.com\/index.php\/wp-json\/wp\/v2\/posts\/13931\/revisions"}],"wp:featuredmedia":[{"embeddable":true,"href":"https:\/\/elcafedepipa.com\/index.php\/wp-json\/wp\/v2\/media\/13932"}],"wp:attachment":[{"href":"https:\/\/elcafedepipa.com\/index.php\/wp-json\/wp\/v2\/media?parent=13931"}],"wp:term":[{"taxonomy":"category","embeddable":true,"href":"https:\/\/elcafedepipa.com\/index.php\/wp-json\/wp\/v2\/categories?post=13931"},{"taxonomy":"post_tag","embeddable":true,"href":"https:\/\/elcafedepipa.com\/index.php\/wp-json\/wp\/v2\/tags?post=13931"}],"curies":[{"name":"wp","href":"https:\/\/api.w.org\/{rel}","templated":true}]}}