{"id":13927,"date":"2025-05-14T11:58:19","date_gmt":"2025-05-14T09:58:19","guid":{"rendered":"https:\/\/elcafedepipa.com\/?p=13927"},"modified":"2025-05-14T14:23:29","modified_gmt":"2025-05-14T12:23:29","slug":"el-mercat-de-nules-una-decada-amb-goteres-isense-solucions","status":"publish","type":"post","link":"https:\/\/elcafedepipa.com\/index.php\/2025\/05\/14\/el-mercat-de-nules-una-decada-amb-goteres-isense-solucions\/","title":{"rendered":"Els populars reclamen &#8220;el mercat de Nules, una d\u00e8cada amb goteres i sense solucions&#8221;"},"content":{"rendered":"\n<p>El mercat de Nules ha complit una d\u00e8cada sense  resoldre les seues goteres. \u00c9s el temps que porta governant l&#8217;actual alcalde sense que \u201cq\u00fcestions tan mundanes com unes goteres es puguen haver reparat. \u00c9s la millor imatge  e la seua gesti\u00f3 pol\u00edtica. Fa aig\u00fces pertot arreu\u201d.<\/p>\n\n\n\n<p> Aix\u00ed ho considera Vicente Bertomeu, regidor del PP a Nules, qui estima que \u201cgesti\u00f3 a Nules hi ha m\u00e9s prompte poca. Fotos i laixos, tots els dies\u201d. El resultat d&#8217;esta estrat\u00e8gia pol\u00edtica es tradu\u00efx en problemes enquistats.<\/p>\n\n\n\n<p> L&#8217;ocorregut dissabte passat en el mercat municipal de Nules \u201cno \u00e9s a\u00efllat\u201d. Mentres desenes de ve\u00efns van haver de moure cadires i taules perqu\u00e8 del sostre van comen\u00e7ar a filtrar-se els pluvials, en altres instal\u00b7lacions com el Multifuncional, el poliesportiu o altres, la  situaci\u00f3 no va ser millor. \u201cLes goteres no es reparen  perqu\u00e8 no \u00e9s vist\u00f3s\u201d, considera el regidor del PP. <\/p>\n\n\n\n<p>Les conseq\u00fc\u00e8ncies \u201cles patim en el dia a dia\u201d. \u201cLes q\u00fcestions m\u00e9s  un danes no sols no es reparen, \u00e9s que s&#8217;agreugen, perqu\u00e8 la falta de gesti\u00f3 condu\u00efx a l&#8217;aband\u00f3 i amb aband\u00f3 el que tenia f\u00e0cil soluci\u00f3 acaba exigint una inversi\u00f3 major. I evidentment no hi ha diners per a esta mena de reparacions, perqu\u00e8 no llu\u00efxen\u201d, explica Bertomeu.<\/p>\n","protected":false},"excerpt":{"rendered":"<p>El mercat de Nules ha complit una d\u00e8cada sense resoldre les seues goteres. \u00c9s el temps que porta governant l&#8217;actual alcalde sense que \u201cq\u00fcestions tan mundanes com unes goteres es puguen haver reparat. \u00c9s la millor imatge e la seua gesti\u00f3 pol\u00edtica. Fa aig\u00fces pertot arreu\u201d. Aix\u00ed ho considera Vicente Bertomeu, regidor del PP a &#8230; <a title=\"Els populars reclamen &#8220;el mercat de Nules, una d\u00e8cada amb goteres i sense solucions&#8221;\" class=\"read-more\" href=\"https:\/\/elcafedepipa.com\/index.php\/2025\/05\/14\/el-mercat-de-nules-una-decada-amb-goteres-isense-solucions\/\" aria-label=\"M\u00e9s informaci\u00f3 sobre Els populars reclamen &#8220;el mercat de Nules, una d\u00e8cada amb goteres i sense solucions&#8221;\">Read more<\/a><\/p>\n","protected":false},"author":2,"featured_media":13928,"comment_status":"closed","ping_status":"closed","sticky":false,"template":"","format":"standard","meta":{"om_disable_all_campaigns":false,"_monsterinsights_skip_tracking":false,"_monsterinsights_sitenote_active":false,"_monsterinsights_sitenote_note":"","_monsterinsights_sitenote_category":0,"_uf_show_specific_survey":0,"_uf_disable_surveys":false,"footnotes":""},"categories":[3],"tags":[],"class_list":["post-13927","post","type-post","status-publish","format-standard","has-post-thumbnail","hentry","category-nules"],"_links":{"self":[{"href":"https:\/\/elcafedepipa.com\/index.php\/wp-json\/wp\/v2\/posts\/13927","targetHints":{"allow":["GET"]}}],"collection":[{"href":"https:\/\/elcafedepipa.com\/index.php\/wp-json\/wp\/v2\/posts"}],"about":[{"href":"https:\/\/elcafedepipa.com\/index.php\/wp-json\/wp\/v2\/types\/post"}],"author":[{"embeddable":true,"href":"https:\/\/elcafedepipa.com\/index.php\/wp-json\/wp\/v2\/users\/2"}],"replies":[{"embeddable":true,"href":"https:\/\/elcafedepipa.com\/index.php\/wp-json\/wp\/v2\/comments?post=13927"}],"version-history":[{"count":0,"href":"https:\/\/elcafedepipa.com\/index.php\/wp-json\/wp\/v2\/posts\/13927\/revisions"}],"wp:featuredmedia":[{"embeddable":true,"href":"https:\/\/elcafedepipa.com\/index.php\/wp-json\/wp\/v2\/media\/13928"}],"wp:attachment":[{"href":"https:\/\/elcafedepipa.com\/index.php\/wp-json\/wp\/v2\/media?parent=13927"}],"wp:term":[{"taxonomy":"category","embeddable":true,"href":"https:\/\/elcafedepipa.com\/index.php\/wp-json\/wp\/v2\/categories?post=13927"},{"taxonomy":"post_tag","embeddable":true,"href":"https:\/\/elcafedepipa.com\/index.php\/wp-json\/wp\/v2\/tags?post=13927"}],"curies":[{"name":"wp","href":"https:\/\/api.w.org\/{rel}","templated":true}]}}