{"id":13910,"date":"2025-05-13T14:29:25","date_gmt":"2025-05-13T12:29:25","guid":{"rendered":"https:\/\/elcafedepipa.com\/?p=13910"},"modified":"2025-05-13T14:29:25","modified_gmt":"2025-05-13T12:29:25","slug":"nules-completa-el-projecte-dobertura-del-carrer-mariano-huesa-per-a-millorar-el-desenvolupament-urba-del-municipi","status":"publish","type":"post","link":"https:\/\/elcafedepipa.com\/index.php\/2025\/05\/13\/nules-completa-el-projecte-dobertura-del-carrer-mariano-huesa-per-a-millorar-el-desenvolupament-urba-del-municipi\/","title":{"rendered":"Nules completa el projecte d\u2019obertura del carrer Mariano Huesa per a millorar el desenvolupament urb\u00e0 del municipi"},"content":{"rendered":"\n<p>L\u2019Ajuntament de Nules ha completat amb \u00e8xit les obres d\u2019enderroc d\u2019un habitatge situat al carrer de Ram\u00f3n Llull, n\u00ba 14, i el posterior asfaltat de la conflu\u00e8ncia amb el carrer de Mariano Huesa. Aquesta actuaci\u00f3, amb una inversi\u00f3 total de 31.479,94 euros, compleix tres objectius estrat\u00e8gics per al desenvolupament urb\u00e0 del municipi.<\/p>\n\n\n\n<p>En primer lloc, s\u2019ha procedit a l\u2019eliminaci\u00f3 d\u2019una edificaci\u00f3 que es trobava fora d\u2019ordenaci\u00f3 urbana, adquirida pr\u00e8viament pel consistori per a la seua posterior demolici\u00f3. Els treballs d\u2019enderroc, adjudicats a l\u2019empresa Demoliciones y Servicios Menguillo SL, han suposat una inversi\u00f3 de 17.545 euros.<\/p>\n\n\n\n<p>En segon lloc, aquesta intervenci\u00f3 ha perm\u00e8s l\u2019obertura completa del carrer de Mariano Huesa fins a la seua intersecci\u00f3 amb el carrer de Ram\u00f3n Llull, millorant aix\u00ed significativament la circulaci\u00f3 en aquesta zona de la localitat. Per a completar el projecte, s\u2019ha asfaltat aquest tram amb un cost de 13.934,94 euros, treballs aquests que ha realitzat l\u2019empresa Pavasal Empresa Constructora SA.<\/p>\n\n\n\n<p>El tercer objectiu d\u2019aquest projecte \u00e9s igualment important, ja que la demolici\u00f3 d\u2019aquest habitatge, confrontant amb el dip\u00f2sit municipal de vehicles, permet iniciar les obres de millora d\u2019aquestes instal\u00b7lacions utilitzades per la Policia Local, optimitzant aix\u00ed els recursos municipals.<\/p>\n\n\n\n<p>L\u2019Alcalde de Nules, David Garc\u00eda, destaca la import\u00e0ncia d\u2019aquesta actuaci\u00f3 \u201cper a la millora urbana del nostre poble, que no sols ordena l\u2019espai urb\u00e0 conforme al planejament municipal, sin\u00f3 que tamb\u00e9 optimitza les infraestructures municipals per a oferir un millor servei a la ciutadania&#8221;.<\/p>\n\n\n\n<p>Per la seua banda, el regidor d\u2019Edificis Municipals, Adri\u00e1n Sorribes, assenyala que &#8220;la coordinaci\u00f3 entre diferents \u00e0rees municipals ha estat clau per a dur a terme aquest projecte amb efici\u00e8ncia, aconseguint maximitzar l\u2019impacte positiu d\u2019aquesta inversi\u00f3 per al ve\u00efnat de Nules&#8221;.<\/p>\n\n\n\n<p>Les obres formen part del pla municipal de millora d\u2019infraestructures i ordenaci\u00f3 urbana que est\u00e0 desenvolupant l\u2019Ajuntament de Nules per a modernitzar el municipi i adequar els seus espais p\u00fablics a les necessitats actuals de la poblaci\u00f3<\/p>\n\n\n\n<figure class=\"wp-block-image size-full\"><img fetchpriority=\"high\" decoding=\"async\" width=\"250\" height=\"250\" src=\"https:\/\/elcafedepipa.com\/wp-content\/uploads\/2025\/05\/GetAttachmentThumbnail-6.jpg\" alt=\"\" class=\"wp-image-13911\" srcset=\"https:\/\/elcafedepipa.com\/wp-content\/uploads\/2025\/05\/GetAttachmentThumbnail-6.jpg 250w, https:\/\/elcafedepipa.com\/wp-content\/uploads\/2025\/05\/GetAttachmentThumbnail-6-150x150.jpg 150w, https:\/\/elcafedepipa.com\/wp-content\/uploads\/2025\/05\/GetAttachmentThumbnail-6-45x45.jpg 45w\" sizes=\"(max-width: 250px) 100vw, 250px\" \/><\/figure>\n\n\n\n<figure class=\"wp-block-image size-full\"><img decoding=\"async\" width=\"250\" height=\"250\" src=\"https:\/\/elcafedepipa.com\/wp-content\/uploads\/2025\/05\/GetAttachmentThumbnail-7.jpg\" alt=\"\" class=\"wp-image-13912\" srcset=\"https:\/\/elcafedepipa.com\/wp-content\/uploads\/2025\/05\/GetAttachmentThumbnail-7.jpg 250w, https:\/\/elcafedepipa.com\/wp-content\/uploads\/2025\/05\/GetAttachmentThumbnail-7-150x150.jpg 150w, https:\/\/elcafedepipa.com\/wp-content\/uploads\/2025\/05\/GetAttachmentThumbnail-7-45x45.jpg 45w\" sizes=\"(max-width: 250px) 100vw, 250px\" \/><\/figure>\n","protected":false},"excerpt":{"rendered":"<p>L\u2019Ajuntament de Nules ha completat amb \u00e8xit les obres d\u2019enderroc d\u2019un habitatge situat al carrer de Ram\u00f3n Llull, n\u00ba 14, i el posterior asfaltat de la conflu\u00e8ncia amb el carrer de Mariano Huesa. Aquesta actuaci\u00f3, amb una inversi\u00f3 total de 31.479,94 euros, compleix tres objectius estrat\u00e8gics per al desenvolupament urb\u00e0 del municipi. En primer lloc, &#8230; <a title=\"Nules completa el projecte d\u2019obertura del carrer Mariano Huesa per a millorar el desenvolupament urb\u00e0 del municipi\" class=\"read-more\" href=\"https:\/\/elcafedepipa.com\/index.php\/2025\/05\/13\/nules-completa-el-projecte-dobertura-del-carrer-mariano-huesa-per-a-millorar-el-desenvolupament-urba-del-municipi\/\" aria-label=\"M\u00e9s informaci\u00f3 sobre Nules completa el projecte d\u2019obertura del carrer Mariano Huesa per a millorar el desenvolupament urb\u00e0 del municipi\">Read more<\/a><\/p>\n","protected":false},"author":2,"featured_media":13913,"comment_status":"closed","ping_status":"closed","sticky":false,"template":"","format":"standard","meta":{"om_disable_all_campaigns":false,"_monsterinsights_skip_tracking":false,"_monsterinsights_sitenote_active":false,"_monsterinsights_sitenote_note":"","_monsterinsights_sitenote_category":0,"_uf_show_specific_survey":0,"_uf_disable_surveys":false,"footnotes":""},"categories":[3],"tags":[],"class_list":["post-13910","post","type-post","status-publish","format-standard","has-post-thumbnail","hentry","category-nules"],"_links":{"self":[{"href":"https:\/\/elcafedepipa.com\/index.php\/wp-json\/wp\/v2\/posts\/13910","targetHints":{"allow":["GET"]}}],"collection":[{"href":"https:\/\/elcafedepipa.com\/index.php\/wp-json\/wp\/v2\/posts"}],"about":[{"href":"https:\/\/elcafedepipa.com\/index.php\/wp-json\/wp\/v2\/types\/post"}],"author":[{"embeddable":true,"href":"https:\/\/elcafedepipa.com\/index.php\/wp-json\/wp\/v2\/users\/2"}],"replies":[{"embeddable":true,"href":"https:\/\/elcafedepipa.com\/index.php\/wp-json\/wp\/v2\/comments?post=13910"}],"version-history":[{"count":0,"href":"https:\/\/elcafedepipa.com\/index.php\/wp-json\/wp\/v2\/posts\/13910\/revisions"}],"wp:featuredmedia":[{"embeddable":true,"href":"https:\/\/elcafedepipa.com\/index.php\/wp-json\/wp\/v2\/media\/13913"}],"wp:attachment":[{"href":"https:\/\/elcafedepipa.com\/index.php\/wp-json\/wp\/v2\/media?parent=13910"}],"wp:term":[{"taxonomy":"category","embeddable":true,"href":"https:\/\/elcafedepipa.com\/index.php\/wp-json\/wp\/v2\/categories?post=13910"},{"taxonomy":"post_tag","embeddable":true,"href":"https:\/\/elcafedepipa.com\/index.php\/wp-json\/wp\/v2\/tags?post=13910"}],"curies":[{"name":"wp","href":"https:\/\/api.w.org\/{rel}","templated":true}]}}