{"id":13884,"date":"2025-05-13T14:09:30","date_gmt":"2025-05-13T12:09:30","guid":{"rendered":"https:\/\/elcafedepipa.com\/?p=13884"},"modified":"2025-05-13T14:09:30","modified_gmt":"2025-05-13T12:09:30","slug":"fernando-de-rosa-el-govern-despanya-ha-tornat-a-mentir-als-valencians-per-ocultar-que-va-bloquejar-lajuda-internacional-despres-de-la-riuada","status":"publish","type":"post","link":"https:\/\/elcafedepipa.com\/index.php\/2025\/05\/13\/fernando-de-rosa-el-govern-despanya-ha-tornat-a-mentir-als-valencians-per-ocultar-que-va-bloquejar-lajuda-internacional-despres-de-la-riuada\/","title":{"rendered":"Fernando de Rosa: \u201cEl Govern d\u2019Espanya ha tornat a mentir als valencians per ocultar que va bloquejar l\u2019ajuda internacional despr\u00e9s de la riuada\u201d"},"content":{"rendered":"\n<p><strong>El diputat del PP per Val\u00e8ncia al Congr\u00e9s, Fernando de Rosa, ha denunciat que \u201cel Govern d\u2019Espanya ha tornat a mentir als valencians per intentar ocultar que va ser ell qui va bloquejar l\u2019arribada de l\u2019ajuda internacional despr\u00e9s de la riuada del 29 d\u2019octubre\u201d<\/strong>. De Rosa ha recordat que l\u2019activaci\u00f3 del Mecanisme Europeu de Protecci\u00f3 Civil \u00e9s compet\u00e8ncia exclusiva de l\u2019Estat, \u201ccom va recon\u00e8ixer la pr\u00f2pia subsecret\u00e0ria del Ministeri de l\u2019Interior\u201d, i ha criticat que \u201cPedro S\u00e1nchez no moguera un dit malgrat ser conscient de la magnitud de la trag\u00e8dia\u201d.<\/p>\n\n\n\n<p>El diputat popular ha lamentat que \u201cl\u2019Executiu anteposara el c\u00e0lcul pol\u00edtic a la gesti\u00f3 d\u2019una trag\u00e8dia\u201d i ha subratllat que \u201cpretendre ara culpar la Generalitat Valenciana \u00e9s una maniobra barroera per desviar responsabilitats\u201d.<\/p>\n\n\n\n<p>\u201cEl Govern tenia tots els dades, tots els informes, tots els avisos. Sabia perfectament qu\u00e8 estava passant. Fins i tot havia rebut ofertes d\u2019ajuda internacional. I qu\u00e8 va fer? Res. Va esperar, va bloquejar i va mirar cap a un altre costat. Perqu\u00e8 a la Comunitat Valenciana governa el Partit Popular\u201d, ha denunciat.<\/p>\n\n\n\n<p>El diputat al Congr\u00e9s ha assenyalat tamb\u00e9 que el Govern de S\u00e1nchez ha actuat de manera molt diferent en altres emerg\u00e8ncies: \u201cVa activar aquest mateix mecanisme en incendis, pand\u00e8mies o cat\u00e0strofes fora d\u2019Espanya sense demanar perm\u00eds a ning\u00fa. Per qu\u00e8 en aquesta ocasi\u00f3 s\u00ed que van esperar? Perqu\u00e8 van decidir anteposar els interessos partidistes al benestar dels valencians\u201d.<\/p>\n\n\n\n<p>Pel que fa a les declaracions del Ministeri de l\u2019Interior sobre la suposada \u201cleialtat institucional\u201d, De Rosa ha estat contundent: \u201cParlar de leialtat mentre es deixen passar deu dies per activar l\u2019ajuda europea \u00e9s una burla als afectats. No es tracta d\u2019un tr\u00e0mit, es tracta de vides humanes\u201d. Finalment, el parlamentari valenci\u00e0 ha acusat el Govern de S\u00e1nchez de \u201cretardar l\u2019ajuda, bloquejar els recursos i ara intentar culpar altres. Aquesta \u00e9s la realitat que el PP no permetr\u00e0 que es s\u2019amague\u201d.<\/p>\n","protected":false},"excerpt":{"rendered":"<p>El diputat del PP per Val\u00e8ncia al Congr\u00e9s, Fernando de Rosa, ha denunciat que \u201cel Govern d\u2019Espanya ha tornat a mentir als valencians per intentar ocultar que va ser ell qui va bloquejar l\u2019arribada de l\u2019ajuda internacional despr\u00e9s de la riuada del 29 d\u2019octubre\u201d. De Rosa ha recordat que l\u2019activaci\u00f3 del Mecanisme Europeu de Protecci\u00f3 &#8230; <a title=\"Fernando de Rosa: \u201cEl Govern d\u2019Espanya ha tornat a mentir als valencians per ocultar que va bloquejar l\u2019ajuda internacional despr\u00e9s de la riuada\u201d\" class=\"read-more\" href=\"https:\/\/elcafedepipa.com\/index.php\/2025\/05\/13\/fernando-de-rosa-el-govern-despanya-ha-tornat-a-mentir-als-valencians-per-ocultar-que-va-bloquejar-lajuda-internacional-despres-de-la-riuada\/\" aria-label=\"M\u00e9s informaci\u00f3 sobre Fernando de Rosa: \u201cEl Govern d\u2019Espanya ha tornat a mentir als valencians per ocultar que va bloquejar l\u2019ajuda internacional despr\u00e9s de la riuada\u201d\">Read more<\/a><\/p>\n","protected":false},"author":2,"featured_media":13885,"comment_status":"closed","ping_status":"closed","sticky":false,"template":"","format":"standard","meta":{"om_disable_all_campaigns":false,"_monsterinsights_skip_tracking":false,"_monsterinsights_sitenote_active":false,"_monsterinsights_sitenote_note":"","_monsterinsights_sitenote_category":0,"_uf_show_specific_survey":0,"_uf_disable_surveys":false,"footnotes":""},"categories":[11],"tags":[],"class_list":["post-13884","post","type-post","status-publish","format-standard","has-post-thumbnail","hentry","category-comunitatvalenciana"],"_links":{"self":[{"href":"https:\/\/elcafedepipa.com\/index.php\/wp-json\/wp\/v2\/posts\/13884","targetHints":{"allow":["GET"]}}],"collection":[{"href":"https:\/\/elcafedepipa.com\/index.php\/wp-json\/wp\/v2\/posts"}],"about":[{"href":"https:\/\/elcafedepipa.com\/index.php\/wp-json\/wp\/v2\/types\/post"}],"author":[{"embeddable":true,"href":"https:\/\/elcafedepipa.com\/index.php\/wp-json\/wp\/v2\/users\/2"}],"replies":[{"embeddable":true,"href":"https:\/\/elcafedepipa.com\/index.php\/wp-json\/wp\/v2\/comments?post=13884"}],"version-history":[{"count":0,"href":"https:\/\/elcafedepipa.com\/index.php\/wp-json\/wp\/v2\/posts\/13884\/revisions"}],"wp:featuredmedia":[{"embeddable":true,"href":"https:\/\/elcafedepipa.com\/index.php\/wp-json\/wp\/v2\/media\/13885"}],"wp:attachment":[{"href":"https:\/\/elcafedepipa.com\/index.php\/wp-json\/wp\/v2\/media?parent=13884"}],"wp:term":[{"taxonomy":"category","embeddable":true,"href":"https:\/\/elcafedepipa.com\/index.php\/wp-json\/wp\/v2\/categories?post=13884"},{"taxonomy":"post_tag","embeddable":true,"href":"https:\/\/elcafedepipa.com\/index.php\/wp-json\/wp\/v2\/tags?post=13884"}],"curies":[{"name":"wp","href":"https:\/\/api.w.org\/{rel}","templated":true}]}}