{"id":13881,"date":"2025-05-13T13:55:38","date_gmt":"2025-05-13T11:55:38","guid":{"rendered":"https:\/\/elcafedepipa.com\/?p=13881"},"modified":"2025-05-13T13:55:38","modified_gmt":"2025-05-13T11:55:38","slug":"gasco-compromis-va-deixar-centres-paralitzats-obres-sense-comencar-i-contractes-sense-executar","status":"publish","type":"post","link":"https:\/\/elcafedepipa.com\/index.php\/2025\/05\/13\/gasco-compromis-va-deixar-centres-paralitzats-obres-sense-comencar-i-contractes-sense-executar\/","title":{"rendered":"Gasc\u00f3: \u201cComprom\u00eds va deixar centres paralitzats, obres sense comen\u00e7ar i contractes sense executar\u201d"},"content":{"rendered":"\n<p>La portaveu d\u2019Educaci\u00f3 del Grup Popular a les Corts, Beatriz Gasc\u00f3, ha assenyalat que \u201cComprom\u00eds va deixar centres paralitzats, obres sense iniciar i contractes sense executar\u201d.<\/p>\n\n\n\n<p>Beatriz Gasc\u00f3 ha recordat que \u201cComprom\u00eds t\u00e9 la gosadia de criticar all\u00f2 que mai van saber gestionar. El seu llegat en infraestructures educatives va ser un c\u00famul de promeses incomplides, improvisaci\u00f3 legal i abandonament de milers d\u2019alumnes. Cal tindre molta barra per parlar dels terminis de construcci\u00f3 de centres quan van incomplir totes les seues promeses i van deixar m\u00e9s alumnes en barracons que quan van arribar: 19.000 estudiants\u201d.<\/p>\n\n\n\n<p>\u201cComprom\u00eds va prometre finalitzar tots els centres previstos per a 2019 i eliminar totes les aules prefabricades. Ni una cosa ni l\u2019altra. Es van omplir la boca parlant d\u2019\u2018escola digna\u2019 i van deixar centres paralitzats, obres per comen\u00e7ar i contractes sense executar\u201d, ha afegit.<\/p>\n\n\n\n<p>La diputada popular ha recordat que l\u2019anterior Consell \u201cva deixar sense executar la major part del Pla Edificant. Nom\u00e9s va ser un exercici de propaganda m\u00e9s que de gesti\u00f3. Tres de cada quatre obres promeses van quedar en l\u2019aire\u201d.<\/p>\n\n\n\n<p>Gasc\u00f3 tamb\u00e9 ha explicat que \u201cel problema de l\u2019increment dels preus el va crear el Bot\u00e0nic. Van pujar els materials, per\u00f2 no van actualitzar els projectes, ni van augmentar els cr\u00e8dits, ni van oferir alternatives als ajuntaments. El resultat s\u00f3n projectes inviables, pressupostos desfasats i paralitzaci\u00f3 total de les obres\u201d.<\/p>\n\n\n\n<p>Segons Gasc\u00f3, \u201cdels 1.639 milions d\u2019euros pressupostats al Pla Edificant entre 2018 i 2023, amb prou feines van executar un 23\u202f%, 377 milions d\u2019euros. Van enganyar tots els valencians. Per\u00f2 en lloc de callar i demanar perd\u00f3 per la seua inefic\u00e0cia, encara s\u2019atreveixen a exigir explicacions per all\u00f2 que ells no van saber fer\u201d.<\/p>\n\n\n\n<p>Per a la portaveu popular, \u201cComprom\u00eds no pot liderar cap campanya per \u2018salvar escoles\u2019 quan van ser ells qui les van condemnar a l\u2019aband\u00f3\u201d.<\/p>\n\n\n\n<p>Finalment, Gasc\u00f3 ha remarcat que \u201cEducaci\u00f3 no ha paralitzat cap obra. Simplement s\u2019ha sol\u00b7licitat informaci\u00f3 als ajuntaments sobre l\u2019estat de les actuacions delegades per evitar bloquejos que impedixen avan\u00e7ar en altres municipis. Enviar cartes no \u00e9s una amena\u00e7a: \u00e9s una mesura per augmentar la construcci\u00f3 i l\u2019efici\u00e8ncia. Es tracta de donar prioritat a qui est\u00e0 preparat, no de premiar la inacci\u00f3\u201d.<\/p>\n\n\n\n<p>Tamb\u00e9 ha afegit que \u201cComprom\u00eds pareix oblidar que hi ha hagut una DANA que ha trastocat els plans. El que els molesta \u00e9s que s\u2019ha acabat el sectarisme en educaci\u00f3 i ara es dona llibertat a les fam\u00edlies. La difer\u00e8ncia \u00e9s que aquest Consell no governa amb esl\u00f2gans: est\u00e0 gestionant el caos que ells van deixar, amb responsabilitat, amb serietat i amb la mirada posada en garantir que els xiquets estudien en centres dignes de veritat, no en simples promeses\u201d.<\/p>\n\n\n\n<p><\/p>\n\n\n\n<p><\/p>\n","protected":false},"excerpt":{"rendered":"<p>La portaveu d\u2019Educaci\u00f3 del Grup Popular a les Corts, Beatriz Gasc\u00f3, ha assenyalat que \u201cComprom\u00eds va deixar centres paralitzats, obres sense iniciar i contractes sense executar\u201d. Beatriz Gasc\u00f3 ha recordat que \u201cComprom\u00eds t\u00e9 la gosadia de criticar all\u00f2 que mai van saber gestionar. El seu llegat en infraestructures educatives va ser un c\u00famul de promeses &#8230; <a title=\"Gasc\u00f3: \u201cComprom\u00eds va deixar centres paralitzats, obres sense comen\u00e7ar i contractes sense executar\u201d\" class=\"read-more\" href=\"https:\/\/elcafedepipa.com\/index.php\/2025\/05\/13\/gasco-compromis-va-deixar-centres-paralitzats-obres-sense-comencar-i-contractes-sense-executar\/\" aria-label=\"M\u00e9s informaci\u00f3 sobre Gasc\u00f3: \u201cComprom\u00eds va deixar centres paralitzats, obres sense comen\u00e7ar i contractes sense executar\u201d\">Read more<\/a><\/p>\n","protected":false},"author":2,"featured_media":13882,"comment_status":"closed","ping_status":"closed","sticky":false,"template":"","format":"standard","meta":{"om_disable_all_campaigns":false,"_monsterinsights_skip_tracking":false,"_monsterinsights_sitenote_active":false,"_monsterinsights_sitenote_note":"","_monsterinsights_sitenote_category":0,"_uf_show_specific_survey":0,"_uf_disable_surveys":false,"footnotes":""},"categories":[11],"tags":[],"class_list":["post-13881","post","type-post","status-publish","format-standard","has-post-thumbnail","hentry","category-comunitatvalenciana"],"_links":{"self":[{"href":"https:\/\/elcafedepipa.com\/index.php\/wp-json\/wp\/v2\/posts\/13881","targetHints":{"allow":["GET"]}}],"collection":[{"href":"https:\/\/elcafedepipa.com\/index.php\/wp-json\/wp\/v2\/posts"}],"about":[{"href":"https:\/\/elcafedepipa.com\/index.php\/wp-json\/wp\/v2\/types\/post"}],"author":[{"embeddable":true,"href":"https:\/\/elcafedepipa.com\/index.php\/wp-json\/wp\/v2\/users\/2"}],"replies":[{"embeddable":true,"href":"https:\/\/elcafedepipa.com\/index.php\/wp-json\/wp\/v2\/comments?post=13881"}],"version-history":[{"count":0,"href":"https:\/\/elcafedepipa.com\/index.php\/wp-json\/wp\/v2\/posts\/13881\/revisions"}],"wp:featuredmedia":[{"embeddable":true,"href":"https:\/\/elcafedepipa.com\/index.php\/wp-json\/wp\/v2\/media\/13882"}],"wp:attachment":[{"href":"https:\/\/elcafedepipa.com\/index.php\/wp-json\/wp\/v2\/media?parent=13881"}],"wp:term":[{"taxonomy":"category","embeddable":true,"href":"https:\/\/elcafedepipa.com\/index.php\/wp-json\/wp\/v2\/categories?post=13881"},{"taxonomy":"post_tag","embeddable":true,"href":"https:\/\/elcafedepipa.com\/index.php\/wp-json\/wp\/v2\/tags?post=13881"}],"curies":[{"name":"wp","href":"https:\/\/api.w.org\/{rel}","templated":true}]}}