{"id":13878,"date":"2025-05-13T13:41:16","date_gmt":"2025-05-13T11:41:16","guid":{"rendered":"https:\/\/elcafedepipa.com\/?p=13878"},"modified":"2025-05-13T13:41:16","modified_gmt":"2025-05-13T11:41:16","slug":"el-pspv-psoe-presenta-esmenes-al-pressupost-de-la-generalitat-per-a-defensar-el-pla-edificant-a-la-vall-duixo","status":"publish","type":"post","link":"https:\/\/elcafedepipa.com\/index.php\/2025\/05\/13\/el-pspv-psoe-presenta-esmenes-al-pressupost-de-la-generalitat-per-a-defensar-el-pla-edificant-a-la-vall-duixo\/","title":{"rendered":"El PSPV-PSOE presenta esmenes al pressupost de la Generalitat per a defensar el Pla Edificant a la Vall d\u2019Uix\u00f3."},"content":{"rendered":"\n<p>El PSPV-PSOE ha presentat esmenes al pressupost de la Generalitat Valenciana per tal que s\u2019incloga la dotaci\u00f3 econ\u00f2mica necess\u00e0ria per a executar les obres del Pla Edificant als col\u00b7legis Assumpci\u00f3 i Lleonard Mingarro, aix\u00ed com per a finalitzar la rehabilitaci\u00f3 de la Torre de Benissahat. En aquest sentit, la secret\u00e0ria general de la Vall d\u2019Uix\u00f3, Tania Ba\u00f1os, ha demanat al Partit Popular que done suport a \u201caquestes inversions necess\u00e0ries per a la nostra ciutat\u201d.<\/p>\n\n\n\n<p>Ba\u00f1os ha comparegut juntament amb la portaveu adjunta del grup socialista a les Corts Valencianes, Mar\u00eda Jos\u00e9 Salvador, per explicar les esmenes presentades i denunciar que \u201cles obres del CEIP Assumpci\u00f3 no s\u00f3n un capritx, perqu\u00e8 el col\u00b7legi t\u00e9 una part apuntalada i cal actuar per seguretat\u201d. Tamb\u00e9 ha recordat que la reforma del CEIP Lleonard Mingarro est\u00e0 paralitzada des de fa m\u00e9s d\u2019un any \u201cperqu\u00e8 el Consell no amplia un pressupost que no arriba als 200.000 euros\u201d i que la finalitzaci\u00f3 de la Torre de Benissahat \u201ctamb\u00e9 est\u00e0 aturada perqu\u00e8 la Generalitat ha retirat el finan\u00e7ament que ja estava concedit\u201d.<\/p>\n\n\n\n<p>Segons Salvador, el pressupost auton\u00f2mic arriba fora de termini, ja que \u201cestem a mitjan maig i encara no s\u2019ha aprovat, una mostra de la nefasta gesti\u00f3 del PP i de Maz\u00f3n, que no va estar on havia d\u2019estar el dia de la DANA i avui continua sense estar-hi, dimitit i amb eleccions convocades\u201d. Tamb\u00e9 ha assenyalat que \u201cAbascal i Vox estan contribuint a aquesta situaci\u00f3, ajudant Maz\u00f3n a mantenir-se a canvi d\u2019acceptar tots els negacionismes i retallades que li exigeixen\u201d.<\/p>\n\n\n\n<p>Especialment greus s\u00f3n, segons han denunciat, les retallades al Pla Edificant i les traves administratives que dificulten les obres de construcci\u00f3 i reforma dels centres educatius. La Vall d\u2019Uix\u00f3 ho est\u00e0 patint als CEIP Assumpci\u00f3 i Lleonard Mingarro, \u201cuna mostra que el PP no creu en l\u2019educaci\u00f3 p\u00fablica i vol tornar al model CIEGSA\u201d, han lamentat. Per aix\u00f2 s\u2019han presentat esmenes dins la tramitaci\u00f3 parlament\u00e0ria dels pressupostos.<\/p>\n\n\n\n<p>Finalment, Ba\u00f1os ha valorat que el portaveu popular Herminio Serra i el PP de la Vall \u201cno pinten res ni tenen cap tipus d\u2019influ\u00e8ncia en el govern valenci\u00e0, perqu\u00e8 els estan llan\u00e7ant als lleons i deixant-los en evid\u00e8ncia davant les fam\u00edlies de l\u2019Assumpci\u00f3, del barri Toledo, del m\u00f3n cultural i patrimonial i de tota la ciutadania\u201d.<\/p>\n","protected":false},"excerpt":{"rendered":"<p>El PSPV-PSOE ha presentat esmenes al pressupost de la Generalitat Valenciana per tal que s\u2019incloga la dotaci\u00f3 econ\u00f2mica necess\u00e0ria per a executar les obres del Pla Edificant als col\u00b7legis Assumpci\u00f3 i Lleonard Mingarro, aix\u00ed com per a finalitzar la rehabilitaci\u00f3 de la Torre de Benissahat. En aquest sentit, la secret\u00e0ria general de la Vall d\u2019Uix\u00f3, &#8230; <a title=\"El PSPV-PSOE presenta esmenes al pressupost de la Generalitat per a defensar el Pla Edificant a la Vall d\u2019Uix\u00f3.\" class=\"read-more\" href=\"https:\/\/elcafedepipa.com\/index.php\/2025\/05\/13\/el-pspv-psoe-presenta-esmenes-al-pressupost-de-la-generalitat-per-a-defensar-el-pla-edificant-a-la-vall-duixo\/\" aria-label=\"M\u00e9s informaci\u00f3 sobre El PSPV-PSOE presenta esmenes al pressupost de la Generalitat per a defensar el Pla Edificant a la Vall d\u2019Uix\u00f3.\">Read more<\/a><\/p>\n","protected":false},"author":2,"featured_media":13879,"comment_status":"closed","ping_status":"closed","sticky":false,"template":"","format":"standard","meta":{"om_disable_all_campaigns":false,"_monsterinsights_skip_tracking":false,"_monsterinsights_sitenote_active":false,"_monsterinsights_sitenote_note":"","_monsterinsights_sitenote_category":0,"_uf_show_specific_survey":0,"_uf_disable_surveys":false,"footnotes":""},"categories":[2],"tags":[],"class_list":["post-13878","post","type-post","status-publish","format-standard","has-post-thumbnail","hentry","category-lavallduixo"],"_links":{"self":[{"href":"https:\/\/elcafedepipa.com\/index.php\/wp-json\/wp\/v2\/posts\/13878","targetHints":{"allow":["GET"]}}],"collection":[{"href":"https:\/\/elcafedepipa.com\/index.php\/wp-json\/wp\/v2\/posts"}],"about":[{"href":"https:\/\/elcafedepipa.com\/index.php\/wp-json\/wp\/v2\/types\/post"}],"author":[{"embeddable":true,"href":"https:\/\/elcafedepipa.com\/index.php\/wp-json\/wp\/v2\/users\/2"}],"replies":[{"embeddable":true,"href":"https:\/\/elcafedepipa.com\/index.php\/wp-json\/wp\/v2\/comments?post=13878"}],"version-history":[{"count":0,"href":"https:\/\/elcafedepipa.com\/index.php\/wp-json\/wp\/v2\/posts\/13878\/revisions"}],"wp:featuredmedia":[{"embeddable":true,"href":"https:\/\/elcafedepipa.com\/index.php\/wp-json\/wp\/v2\/media\/13879"}],"wp:attachment":[{"href":"https:\/\/elcafedepipa.com\/index.php\/wp-json\/wp\/v2\/media?parent=13878"}],"wp:term":[{"taxonomy":"category","embeddable":true,"href":"https:\/\/elcafedepipa.com\/index.php\/wp-json\/wp\/v2\/categories?post=13878"},{"taxonomy":"post_tag","embeddable":true,"href":"https:\/\/elcafedepipa.com\/index.php\/wp-json\/wp\/v2\/tags?post=13878"}],"curies":[{"name":"wp","href":"https:\/\/api.w.org\/{rel}","templated":true}]}}