{"id":13874,"date":"2025-05-13T11:30:47","date_gmt":"2025-05-13T09:30:47","guid":{"rendered":"https:\/\/elcafedepipa.com\/?p=13874"},"modified":"2025-05-13T11:33:08","modified_gmt":"2025-05-13T09:33:08","slug":"lajuntament-de-la-vall-duixo-celebra-el-dia-internacional-de-la-dansa-amb-una-gala-el-18-de-maig","status":"publish","type":"post","link":"https:\/\/elcafedepipa.com\/index.php\/2025\/05\/13\/lajuntament-de-la-vall-duixo-celebra-el-dia-internacional-de-la-dansa-amb-una-gala-el-18-de-maig\/","title":{"rendered":"L\u2019Ajuntament de la Vall d\u2019Uix\u00f3 celebra el Dia Internacional de la Dansa amb una gala el 18 de maig."},"content":{"rendered":"\n<p>L\u2019Ajuntament de la Vall d\u2019Uix\u00f3 ha presentat la huitena edici\u00f3 de La Vall Dansa per a commemorar el Dia Internacional de la Dansa. La gala se celebrar\u00e0 el diumenge 18 de maig a les 19.00 hores a l\u2019Auditori, amb l\u2019objectiu d\u2019\u201cacostar una expressi\u00f3 cultural que no deixa ning\u00fa indiferent i que, com la m\u00fasica, \u00e9s un llenguatge universal que expressa emocions i fa sentir l\u2019espectador\u201d, tal com ha explicat el regidor de Cultura, Jorge Marqu\u00e9s.<\/p>\n\n\n\n<p>La Gala de la Dansa 2025 comptar\u00e0 amb les actuacions de l\u2019UDAE de la Vall d\u2019Uix\u00f3, formada per xiquets, xiquetes i adolescents; la Companyia de Dansa Inclusiva Diversos amb una pe\u00e7a que demostra que totes i tots podem ballar, i el Conservatori Professional de Dansa de Val\u00e8ncia amb quatre n\u00fameros de dansa cl\u00e0ssica, ballet, dansa contempor\u00e0nia i dansa espanyola.<\/p>\n\n\n\n<p>Des de l\u2019organitzaci\u00f3 de Rytme, Aquilino Abad i Marian L\u00f3pez han explicat que la gala \u201ctindr\u00e0 una gran qualitat\u201d i han animat tota la ciutadania \u201ca vindre i gaudir\u201d. Les entrades per a l\u2019esdeveniment es podran descarregar de manera gratu\u00efta a la web de l\u2019Auditori a partir de dem\u00e0. Aix\u00ed mateix, tamb\u00e9 es podran recollir presencialment el dijous en taquilla o el mateix dia de l\u2019esdeveniment (fins a esgotar l\u2019aforament).<\/p>\n\n\n\n<p>Finalment, Marqu\u00e9s ha remarcat que l\u2019Ajuntament t\u00e9 \u201cl\u2019obligaci\u00f3 de fer accessible la cultura i les arts esc\u00e8niques, acostant-les a la poblaci\u00f3\u201d. I aquest \u00e9s l\u2019esperit de La Vall Dansa, per aix\u00f2 des de l\u2019\u00e0rea de Cultura \u201cdonem suport als organitzadors d\u2019aquest esdeveniment, que no sols promouen la dansa amb aquesta gala sin\u00f3 durant tot l\u2019any amb la seua escola\u201d.<\/p>\n\n\n\n<p><\/p>\n","protected":false},"excerpt":{"rendered":"<p>L\u2019Ajuntament de la Vall d\u2019Uix\u00f3 ha presentat la huitena edici\u00f3 de La Vall Dansa per a commemorar el Dia Internacional de la Dansa. La gala se celebrar\u00e0 el diumenge 18 de maig a les 19.00 hores a l\u2019Auditori, amb l\u2019objectiu d\u2019\u201cacostar una expressi\u00f3 cultural que no deixa ning\u00fa indiferent i que, com la m\u00fasica, \u00e9s &#8230; <a title=\"L\u2019Ajuntament de la Vall d\u2019Uix\u00f3 celebra el Dia Internacional de la Dansa amb una gala el 18 de maig.\" class=\"read-more\" href=\"https:\/\/elcafedepipa.com\/index.php\/2025\/05\/13\/lajuntament-de-la-vall-duixo-celebra-el-dia-internacional-de-la-dansa-amb-una-gala-el-18-de-maig\/\" aria-label=\"M\u00e9s informaci\u00f3 sobre L\u2019Ajuntament de la Vall d\u2019Uix\u00f3 celebra el Dia Internacional de la Dansa amb una gala el 18 de maig.\">Read more<\/a><\/p>\n","protected":false},"author":2,"featured_media":13875,"comment_status":"closed","ping_status":"closed","sticky":false,"template":"","format":"standard","meta":{"om_disable_all_campaigns":false,"_monsterinsights_skip_tracking":false,"_monsterinsights_sitenote_active":false,"_monsterinsights_sitenote_note":"","_monsterinsights_sitenote_category":0,"_uf_show_specific_survey":0,"_uf_disable_surveys":false,"footnotes":""},"categories":[2],"tags":[],"class_list":["post-13874","post","type-post","status-publish","format-standard","has-post-thumbnail","hentry","category-lavallduixo"],"_links":{"self":[{"href":"https:\/\/elcafedepipa.com\/index.php\/wp-json\/wp\/v2\/posts\/13874","targetHints":{"allow":["GET"]}}],"collection":[{"href":"https:\/\/elcafedepipa.com\/index.php\/wp-json\/wp\/v2\/posts"}],"about":[{"href":"https:\/\/elcafedepipa.com\/index.php\/wp-json\/wp\/v2\/types\/post"}],"author":[{"embeddable":true,"href":"https:\/\/elcafedepipa.com\/index.php\/wp-json\/wp\/v2\/users\/2"}],"replies":[{"embeddable":true,"href":"https:\/\/elcafedepipa.com\/index.php\/wp-json\/wp\/v2\/comments?post=13874"}],"version-history":[{"count":0,"href":"https:\/\/elcafedepipa.com\/index.php\/wp-json\/wp\/v2\/posts\/13874\/revisions"}],"wp:featuredmedia":[{"embeddable":true,"href":"https:\/\/elcafedepipa.com\/index.php\/wp-json\/wp\/v2\/media\/13875"}],"wp:attachment":[{"href":"https:\/\/elcafedepipa.com\/index.php\/wp-json\/wp\/v2\/media?parent=13874"}],"wp:term":[{"taxonomy":"category","embeddable":true,"href":"https:\/\/elcafedepipa.com\/index.php\/wp-json\/wp\/v2\/categories?post=13874"},{"taxonomy":"post_tag","embeddable":true,"href":"https:\/\/elcafedepipa.com\/index.php\/wp-json\/wp\/v2\/tags?post=13874"}],"curies":[{"name":"wp","href":"https:\/\/api.w.org\/{rel}","templated":true}]}}