{"id":13871,"date":"2025-05-13T11:00:37","date_gmt":"2025-05-13T09:00:37","guid":{"rendered":"https:\/\/elcafedepipa.com\/?p=13871"},"modified":"2025-05-13T11:00:38","modified_gmt":"2025-05-13T09:00:38","slug":"finalitza-el-programa-dassessorament-i-mentoritzacioa-emprenedors-ruralitzat","status":"publish","type":"post","link":"https:\/\/elcafedepipa.com\/index.php\/2025\/05\/13\/finalitza-el-programa-dassessorament-i-mentoritzacioa-emprenedors-ruralitzat\/","title":{"rendered":"Finalitza el programa d&#8217;assessorament i mentoritzaci\u00f3a emprenedors Ruralitza\u2019t"},"content":{"rendered":"\n<p><strong>La totalitat dels projectes participants desenvoluparan la seua activitat en municipis de la comarca<\/strong><\/p>\n\n\n\n<p>El programa que va tindre el seu inici el 10 de mar\u00e7 de 2025 i ha transcorregut al llarg de 10 sessions formatives fins a la seua finalitzaci\u00f3 divendres passat, ha seguit la l\u00ednia i objectius d&#8217;anteriors programes d&#8217;emprenedoria assessorant i mentorant els projectes participants perqu\u00e8 puguen iniciar o continuar desenvolupant les seues idees, sent aix\u00f2 una valor afegit de dinamitzaci\u00f3 de l&#8217;economia i la creaci\u00f3 d&#8217;ocupaci\u00f3.<\/p>\n\n\n\n<p>Una dinamitzaci\u00f3 del teixit productiu que beneficiar\u00e0 de ple als municipis de la comarca, ja que la totalitat dels projectes participants en Ruralitza\u2019t desenvoluparan la seua activitat priorit\u00e0riament en ells, fomentant l&#8217;emprenedoria i creant oportunitats d&#8217;ocupaci\u00f3 per al conjunt de la poblaci\u00f3 de la Plana Baixa.<\/p>\n\n\n\n<p><strong>Gran varietat de tem\u00e0tiques en els diferents projectes finalitzats en l&#8217;acte de clausura<\/strong><\/p>\n\n\n\n<p>Aprofitant l&#8217;acte de clausura, alguns dels participants van tindre oportunitat de presentar els seus projectes definitius, uns projectes treballats de la m\u00e0 de SECOT i que cobreixen un ampli ventall de tem\u00e0tiques des de la consultoria de desenvolupament local i el comer\u00e7 fins a activitats d&#8217;agricultura ecol\u00f2gica o elaboraci\u00f3 de productes artesanals.<\/p>\n\n\n\n<p>Amb aix\u00f2, la satisfacci\u00f3 amb el programa \u00e9s elevada a causa de l&#8217;impacte que poden tindre aquests projectes en sectors tan diversificats, permetent el manteniment d&#8217;alguns dels mes tradicionals aix\u00ed com obrir les portes a uns altres mes innovadors amb l&#8217;ajuda de les noves tecnologies.<\/p>\n\n\n\n<p><strong>Comprom\u00eds ferm del Consorci amb el desenvolupament sostenible i la cooperaci\u00f3 institucional<\/strong><\/p>\n\n\n\n<p>En l&#8217;acte de clausura van ser presents Jorge Garc\u00eda, president del Consorci, Carmen Navarro, alcaldessa de La Vilavella i Juan Jos\u00e9 Montoro, president de SECOT.<\/p>\n\n\n\n<p>Tots ells van presidir la taula inaugural de l&#8217;acte, des de la qual el president del Consorci va reafirmar la ferma voluntat per part de l&#8217;entitat de continuar apostant i donant tot el suport possible als projectes d&#8217;emprenedoria que ajuden a dinamitzar l&#8217;economia dels municipis de la comarca a trav\u00e9s de programes com Ruralitza\u2019t o altres iniciatives que vagen sorgint des del Consorci.<\/p>\n\n\n\n<p>Programa finan\u00e7at pel Ministeri per a la Transici\u00f3 Ecol\u00f2gica i el Repte Demogr\u00e0fic.<\/p>\n","protected":false},"excerpt":{"rendered":"<p>La totalitat dels projectes participants desenvoluparan la seua activitat en municipis de la comarca El programa que va tindre el seu inici el 10 de mar\u00e7 de 2025 i ha transcorregut al llarg de 10 sessions formatives fins a la seua finalitzaci\u00f3 divendres passat, ha seguit la l\u00ednia i objectius d&#8217;anteriors programes d&#8217;emprenedoria assessorant i &#8230; <a title=\"Finalitza el programa d&#8217;assessorament i mentoritzaci\u00f3a emprenedors Ruralitza\u2019t\" class=\"read-more\" href=\"https:\/\/elcafedepipa.com\/index.php\/2025\/05\/13\/finalitza-el-programa-dassessorament-i-mentoritzacioa-emprenedors-ruralitzat\/\" aria-label=\"M\u00e9s informaci\u00f3 sobre Finalitza el programa d&#8217;assessorament i mentoritzaci\u00f3a emprenedors Ruralitza\u2019t\">Read more<\/a><\/p>\n","protected":false},"author":2,"featured_media":13872,"comment_status":"closed","ping_status":"closed","sticky":false,"template":"","format":"standard","meta":{"om_disable_all_campaigns":false,"_monsterinsights_skip_tracking":false,"_monsterinsights_sitenote_active":false,"_monsterinsights_sitenote_note":"","_monsterinsights_sitenote_category":0,"_uf_show_specific_survey":0,"_uf_disable_surveys":false,"footnotes":""},"categories":[11],"tags":[],"class_list":["post-13871","post","type-post","status-publish","format-standard","has-post-thumbnail","hentry","category-comunitatvalenciana"],"_links":{"self":[{"href":"https:\/\/elcafedepipa.com\/index.php\/wp-json\/wp\/v2\/posts\/13871","targetHints":{"allow":["GET"]}}],"collection":[{"href":"https:\/\/elcafedepipa.com\/index.php\/wp-json\/wp\/v2\/posts"}],"about":[{"href":"https:\/\/elcafedepipa.com\/index.php\/wp-json\/wp\/v2\/types\/post"}],"author":[{"embeddable":true,"href":"https:\/\/elcafedepipa.com\/index.php\/wp-json\/wp\/v2\/users\/2"}],"replies":[{"embeddable":true,"href":"https:\/\/elcafedepipa.com\/index.php\/wp-json\/wp\/v2\/comments?post=13871"}],"version-history":[{"count":0,"href":"https:\/\/elcafedepipa.com\/index.php\/wp-json\/wp\/v2\/posts\/13871\/revisions"}],"wp:featuredmedia":[{"embeddable":true,"href":"https:\/\/elcafedepipa.com\/index.php\/wp-json\/wp\/v2\/media\/13872"}],"wp:attachment":[{"href":"https:\/\/elcafedepipa.com\/index.php\/wp-json\/wp\/v2\/media?parent=13871"}],"wp:term":[{"taxonomy":"category","embeddable":true,"href":"https:\/\/elcafedepipa.com\/index.php\/wp-json\/wp\/v2\/categories?post=13871"},{"taxonomy":"post_tag","embeddable":true,"href":"https:\/\/elcafedepipa.com\/index.php\/wp-json\/wp\/v2\/tags?post=13871"}],"curies":[{"name":"wp","href":"https:\/\/api.w.org\/{rel}","templated":true}]}}