{"id":13868,"date":"2025-05-13T10:53:59","date_gmt":"2025-05-13T08:53:59","guid":{"rendered":"https:\/\/elcafedepipa.com\/?p=13868"},"modified":"2025-05-13T10:53:59","modified_gmt":"2025-05-13T08:53:59","slug":"el-pspv-denuncia-que-pp-i-vox-han-trencat-el-vincle-entre-borriana-i-la-uji-i-els-acusa-donar-li-lesquena-al-coneixement","status":"publish","type":"post","link":"https:\/\/elcafedepipa.com\/index.php\/2025\/05\/13\/el-pspv-denuncia-que-pp-i-vox-han-trencat-el-vincle-entre-borriana-i-la-uji-i-els-acusa-donar-li-lesquena-al-coneixement\/","title":{"rendered":"El PSPV denuncia que PP i VOX han trencat el vincle entre Borriana i la UJI i els acusa \u201cdonar-li l\u2019esquena al coneixement\u201d"},"content":{"rendered":"\n<p>El PSPV de Borriana ha lamentat la decisi\u00f3 de l\u2019equip de govern municipal, integrat per PP i VOX, de trencar els vincles amb el patronat de la Fundaci\u00f3 Universitat Empresa de la Universitat Jaume I (FUE-UJI). Per a la regidora M\u00aa Carmen Bou \u00e9s \u201cdecisi\u00f3 irresponsable i unilateral\u201d que implica \u201cdonar-li l\u2019esquena al coneixement, a la col\u00b7laboraci\u00f3 institucional i al progr\u00e9s del nostre municipi\u201d.<\/p>\n\n\n\n<p>Segons ha explicat Bou, el conveni amb la FUE est\u00e0 vigent des de 2003 i \u201cha sigut fonamental per a Borriana, ja que ha perm\u00e9s facilitar l\u2019acc\u00e9s a serveis t\u00e8cnics especialitzats, programes europeus, pr\u00e0ctiques universit\u00e0ries, aix\u00ed com iniciatives culturals i formatives\u201d. \u201cMentre altres municipis s\u2019incorporen al patronat, Borriana es desvincula per, tal com al\u00b7ludeixen, per a estalviar recursos, per\u00f2 ho fan al mateix temps que augmenten la despesa en propaganda personal de l\u2019executiu local\u201d. \u201cNo saben traure-li el suc i tot el potencial a pert\u00e0nyer a una fundaci\u00f3 que t\u00e9 en l\u2019\u00e0nima cooperar amb els ajuntaments en mat\u00e8ries tan importants com l\u2019ocupaci\u00f3 i la formaci\u00f3 juvenil\u201d. \u201cNo mereixem estar fora de joc\u201d.<\/p>\n\n\n\n<p>\u201cNo estem donant una bona imatge de ciutat, estem donant l\u2019esquena a la universitat p\u00fablica del nostre territori\u201d, ha criticat la representant socialista. En aquest sentit, ha demanat a l\u2019Ajuntament que aposte per la cultura, la investigaci\u00f3 i l\u2019educaci\u00f3 com a motor de futur\u201d. \u201cEls i les socialistes ho defensarem sempre\u201d.<\/p>\n","protected":false},"excerpt":{"rendered":"<p>El PSPV de Borriana ha lamentat la decisi\u00f3 de l\u2019equip de govern municipal, integrat per PP i VOX, de trencar els vincles amb el patronat de la Fundaci\u00f3 Universitat Empresa de la Universitat Jaume I (FUE-UJI). Per a la regidora M\u00aa Carmen Bou \u00e9s \u201cdecisi\u00f3 irresponsable i unilateral\u201d que implica \u201cdonar-li l\u2019esquena al coneixement, a &#8230; <a title=\"El PSPV denuncia que PP i VOX han trencat el vincle entre Borriana i la UJI i els acusa \u201cdonar-li l\u2019esquena al coneixement\u201d\" class=\"read-more\" href=\"https:\/\/elcafedepipa.com\/index.php\/2025\/05\/13\/el-pspv-denuncia-que-pp-i-vox-han-trencat-el-vincle-entre-borriana-i-la-uji-i-els-acusa-donar-li-lesquena-al-coneixement\/\" aria-label=\"M\u00e9s informaci\u00f3 sobre El PSPV denuncia que PP i VOX han trencat el vincle entre Borriana i la UJI i els acusa \u201cdonar-li l\u2019esquena al coneixement\u201d\">Read more<\/a><\/p>\n","protected":false},"author":2,"featured_media":13869,"comment_status":"closed","ping_status":"closed","sticky":false,"template":"","format":"standard","meta":{"om_disable_all_campaigns":false,"_monsterinsights_skip_tracking":false,"_monsterinsights_sitenote_active":false,"_monsterinsights_sitenote_note":"","_monsterinsights_sitenote_category":0,"_uf_show_specific_survey":0,"_uf_disable_surveys":false,"footnotes":""},"categories":[10],"tags":[],"class_list":["post-13868","post","type-post","status-publish","format-standard","has-post-thumbnail","hentry","category-provinciadecastello"],"_links":{"self":[{"href":"https:\/\/elcafedepipa.com\/index.php\/wp-json\/wp\/v2\/posts\/13868","targetHints":{"allow":["GET"]}}],"collection":[{"href":"https:\/\/elcafedepipa.com\/index.php\/wp-json\/wp\/v2\/posts"}],"about":[{"href":"https:\/\/elcafedepipa.com\/index.php\/wp-json\/wp\/v2\/types\/post"}],"author":[{"embeddable":true,"href":"https:\/\/elcafedepipa.com\/index.php\/wp-json\/wp\/v2\/users\/2"}],"replies":[{"embeddable":true,"href":"https:\/\/elcafedepipa.com\/index.php\/wp-json\/wp\/v2\/comments?post=13868"}],"version-history":[{"count":0,"href":"https:\/\/elcafedepipa.com\/index.php\/wp-json\/wp\/v2\/posts\/13868\/revisions"}],"wp:featuredmedia":[{"embeddable":true,"href":"https:\/\/elcafedepipa.com\/index.php\/wp-json\/wp\/v2\/media\/13869"}],"wp:attachment":[{"href":"https:\/\/elcafedepipa.com\/index.php\/wp-json\/wp\/v2\/media?parent=13868"}],"wp:term":[{"taxonomy":"category","embeddable":true,"href":"https:\/\/elcafedepipa.com\/index.php\/wp-json\/wp\/v2\/categories?post=13868"},{"taxonomy":"post_tag","embeddable":true,"href":"https:\/\/elcafedepipa.com\/index.php\/wp-json\/wp\/v2\/tags?post=13868"}],"curies":[{"name":"wp","href":"https:\/\/api.w.org\/{rel}","templated":true}]}}