{"id":13865,"date":"2025-05-13T10:50:26","date_gmt":"2025-05-13T08:50:26","guid":{"rendered":"https:\/\/elcafedepipa.com\/?p=13865"},"modified":"2025-05-13T10:50:26","modified_gmt":"2025-05-13T08:50:26","slug":"la-dgt-entrega-medalles-a-set-centres-educatius-de-la-vall-duixo-pel-seu-compromis-amb-la-mobilitat-sostenible","status":"publish","type":"post","link":"https:\/\/elcafedepipa.com\/index.php\/2025\/05\/13\/la-dgt-entrega-medalles-a-set-centres-educatius-de-la-vall-duixo-pel-seu-compromis-amb-la-mobilitat-sostenible\/","title":{"rendered":"La DGT entrega medalles a set centres educatius de la Vall d\u2019Uix\u00f3 pel seu comprom\u00eds amb la mobilitat sostenible."},"content":{"rendered":"\n<p>La Direcci\u00f3 General de Tr\u00e0nsit (DGT) ha lliurat els reconeixements del projecte Stars a set centres educatius de la Vall d\u2019Uix\u00f3. Els col\u00b7legis Eleuterio P\u00e9rez i Assumpci\u00f3 han rebut la medalla de plata, mentre que la de bronze s\u2019ha atorgat a l\u2019IES Honori Garcia i als CEIP Blasco Ib\u00e1\u00f1ez, Rosario P\u00e9rez, Ausi\u00e0s March i Recaredo Centelles.<\/p>\n\n\n\n<p>Aquests reconeixements premien l\u2019esfor\u00e7 que realitzen els centres educatius i la seua participaci\u00f3 i comprom\u00eds en accions de mobilitat sostenible i saludable. Stars ha canviat el concepte d\u2019educaci\u00f3 vi\u00e0ria a la ciutat, consolidant un model en el qual tots els xiquets i xiquetes que acaben Prim\u00e0ria saben circular amb bicicleta.<\/p>\n\n\n\n<p>El regidor de Policia, Javier Ferreres, i el regidor d\u2019Educaci\u00f3, Manel Agea, han assistit al lliurament dels premis, que s\u2019ha realitzat en cada centre, i han destacat que aquest projecte \u201cfomenta l\u2019autonomia dels menors, a trav\u00e9s d\u2019iniciatives com els camins escolars segurs, la pacificaci\u00f3 dels entorns dels col\u00b7legis o l\u2019educaci\u00f3 vi\u00e0ria\u201d.<\/p>\n\n\n\n<p>L\u2019Ajuntament de la Vall d\u2019Uix\u00f3 es va unir a la xarxa europea Stars l\u2019any 2016, i les \u00e0rees d\u2019Educaci\u00f3, Mobilitat i Policia Local realitzen una gran tasca, en col\u00b7laboraci\u00f3 amb les comunitats educatives, \u201cperqu\u00e8 des de les edats m\u00e9s primerenques l\u2019alumnat aprenga a ser vianant, usuari de bicicleta o patinet i futurs conductors\u201d.<\/p>\n","protected":false},"excerpt":{"rendered":"<p>La Direcci\u00f3 General de Tr\u00e0nsit (DGT) ha lliurat els reconeixements del projecte Stars a set centres educatius de la Vall d\u2019Uix\u00f3. Els col\u00b7legis Eleuterio P\u00e9rez i Assumpci\u00f3 han rebut la medalla de plata, mentre que la de bronze s\u2019ha atorgat a l\u2019IES Honori Garcia i als CEIP Blasco Ib\u00e1\u00f1ez, Rosario P\u00e9rez, Ausi\u00e0s March i Recaredo &#8230; <a title=\"La DGT entrega medalles a set centres educatius de la Vall d\u2019Uix\u00f3 pel seu comprom\u00eds amb la mobilitat sostenible.\" class=\"read-more\" href=\"https:\/\/elcafedepipa.com\/index.php\/2025\/05\/13\/la-dgt-entrega-medalles-a-set-centres-educatius-de-la-vall-duixo-pel-seu-compromis-amb-la-mobilitat-sostenible\/\" aria-label=\"M\u00e9s informaci\u00f3 sobre La DGT entrega medalles a set centres educatius de la Vall d\u2019Uix\u00f3 pel seu comprom\u00eds amb la mobilitat sostenible.\">Read more<\/a><\/p>\n","protected":false},"author":2,"featured_media":13866,"comment_status":"closed","ping_status":"closed","sticky":false,"template":"","format":"standard","meta":{"om_disable_all_campaigns":false,"_monsterinsights_skip_tracking":false,"_monsterinsights_sitenote_active":false,"_monsterinsights_sitenote_note":"","_monsterinsights_sitenote_category":0,"_uf_show_specific_survey":0,"_uf_disable_surveys":false,"footnotes":""},"categories":[2],"tags":[],"class_list":["post-13865","post","type-post","status-publish","format-standard","has-post-thumbnail","hentry","category-lavallduixo"],"_links":{"self":[{"href":"https:\/\/elcafedepipa.com\/index.php\/wp-json\/wp\/v2\/posts\/13865","targetHints":{"allow":["GET"]}}],"collection":[{"href":"https:\/\/elcafedepipa.com\/index.php\/wp-json\/wp\/v2\/posts"}],"about":[{"href":"https:\/\/elcafedepipa.com\/index.php\/wp-json\/wp\/v2\/types\/post"}],"author":[{"embeddable":true,"href":"https:\/\/elcafedepipa.com\/index.php\/wp-json\/wp\/v2\/users\/2"}],"replies":[{"embeddable":true,"href":"https:\/\/elcafedepipa.com\/index.php\/wp-json\/wp\/v2\/comments?post=13865"}],"version-history":[{"count":0,"href":"https:\/\/elcafedepipa.com\/index.php\/wp-json\/wp\/v2\/posts\/13865\/revisions"}],"wp:featuredmedia":[{"embeddable":true,"href":"https:\/\/elcafedepipa.com\/index.php\/wp-json\/wp\/v2\/media\/13866"}],"wp:attachment":[{"href":"https:\/\/elcafedepipa.com\/index.php\/wp-json\/wp\/v2\/media?parent=13865"}],"wp:term":[{"taxonomy":"category","embeddable":true,"href":"https:\/\/elcafedepipa.com\/index.php\/wp-json\/wp\/v2\/categories?post=13865"},{"taxonomy":"post_tag","embeddable":true,"href":"https:\/\/elcafedepipa.com\/index.php\/wp-json\/wp\/v2\/tags?post=13865"}],"curies":[{"name":"wp","href":"https:\/\/api.w.org\/{rel}","templated":true}]}}