{"id":13861,"date":"2025-05-13T10:45:43","date_gmt":"2025-05-13T08:45:43","guid":{"rendered":"https:\/\/elcafedepipa.com\/?p=13861"},"modified":"2025-05-13T10:45:43","modified_gmt":"2025-05-13T08:45:43","slug":"nules-celebra-el-dia-internacional-dels-museus-amb-lactivitat-artista-per-un-dia","status":"publish","type":"post","link":"https:\/\/elcafedepipa.com\/index.php\/2025\/05\/13\/nules-celebra-el-dia-internacional-dels-museus-amb-lactivitat-artista-per-un-dia\/","title":{"rendered":"Nules celebra el dia internacional dels museus amb l&#8217;activitat &#8220;Artista per un dia&#8221;"},"content":{"rendered":"\n<p>L\u2019Ajuntament de Nules commemora aquest cap de setmana el Dia Internacional dels Museus, que se celebra diumenge 18 de maig, amb l\u2019organitzaci\u00f3 de l\u2019activitat anomenada \u201cArtista per un dia\u201d per tal de promocionar i dinamitzar el Museu de Medall\u00edstica Enrique Giner.<\/p>\n\n\n\n<p>\u201cUn any m\u00e9s hem volgut celebrar aquest dia per a difondre el nostre patrimoni, ja que Nules \u00e9s una poblaci\u00f3 amb una gran riquesa muse\u00edstica, i volem aix\u00ed tamb\u00e9 donar visibilitat al Museu de Medall\u00edstica Enrique Giner en ser un referent dels museus d\u2019aquesta mat\u00e8ria a tot el territori espanyol\u201d, explica el regidor de Museus, Guillermo Latorre.<\/p>\n\n\n\n<p>Aix\u00ed, diumenge, 18 de maig, en horari de mat\u00ed tindr\u00e0 lloc al pati exterior del Museu de Medall\u00edstica Enrique Giner aquesta activitat, amb la qual es vol treballar tot el proc\u00e9s que abasta la creaci\u00f3 d\u2019una obra d\u2019art, on es realitzar\u00e0 una xicoteta escultura amb argila que despr\u00e9s les persones participants es podran emportar a casa.<\/p>\n\n\n\n<p>Aquesta activitat va dirigida a tots els p\u00fablics majors de 5 anys i per a participar cal inscriure\u2019s a l\u2019adre\u00e7a archivo@nules.es senyalant el nom, cognoms i l\u2019edat. El nombre de places \u00e9s limitat fins a un total de 30 persones, la durada de la mateixa ser\u00e0 d\u2019una hora aproximadament, i comen\u00e7ar\u00e0 a les 10.30 hores.<\/p>\n\n\n\n<p>El material ser\u00e0 proporcionat pel personal del museu, i consistir\u00e0 en paper A4, llapis, gomes d\u2019esborrar, i argila per modelar. De manera que, una vegada presentada l\u2019activitat, les persones participants hauran de confeccionar l\u2019esb\u00f3s, que pot estar inspirat en les escultures exposades a l\u2019exterior del museu, per a fer el modelat amb argila.<\/p>\n\n\n\n<p><\/p>\n","protected":false},"excerpt":{"rendered":"<p>L\u2019Ajuntament de Nules commemora aquest cap de setmana el Dia Internacional dels Museus, que se celebra diumenge 18 de maig, amb l\u2019organitzaci\u00f3 de l\u2019activitat anomenada \u201cArtista per un dia\u201d per tal de promocionar i dinamitzar el Museu de Medall\u00edstica Enrique Giner. \u201cUn any m\u00e9s hem volgut celebrar aquest dia per a difondre el nostre patrimoni, &#8230; <a title=\"Nules celebra el dia internacional dels museus amb l&#8217;activitat &#8220;Artista per un dia&#8221;\" class=\"read-more\" href=\"https:\/\/elcafedepipa.com\/index.php\/2025\/05\/13\/nules-celebra-el-dia-internacional-dels-museus-amb-lactivitat-artista-per-un-dia\/\" aria-label=\"M\u00e9s informaci\u00f3 sobre Nules celebra el dia internacional dels museus amb l&#8217;activitat &#8220;Artista per un dia&#8221;\">Read more<\/a><\/p>\n","protected":false},"author":2,"featured_media":13863,"comment_status":"closed","ping_status":"closed","sticky":false,"template":"","format":"standard","meta":{"om_disable_all_campaigns":false,"_monsterinsights_skip_tracking":false,"_monsterinsights_sitenote_active":false,"_monsterinsights_sitenote_note":"","_monsterinsights_sitenote_category":0,"_uf_show_specific_survey":0,"_uf_disable_surveys":false,"footnotes":""},"categories":[3],"tags":[],"class_list":["post-13861","post","type-post","status-publish","format-standard","has-post-thumbnail","hentry","category-nules"],"_links":{"self":[{"href":"https:\/\/elcafedepipa.com\/index.php\/wp-json\/wp\/v2\/posts\/13861","targetHints":{"allow":["GET"]}}],"collection":[{"href":"https:\/\/elcafedepipa.com\/index.php\/wp-json\/wp\/v2\/posts"}],"about":[{"href":"https:\/\/elcafedepipa.com\/index.php\/wp-json\/wp\/v2\/types\/post"}],"author":[{"embeddable":true,"href":"https:\/\/elcafedepipa.com\/index.php\/wp-json\/wp\/v2\/users\/2"}],"replies":[{"embeddable":true,"href":"https:\/\/elcafedepipa.com\/index.php\/wp-json\/wp\/v2\/comments?post=13861"}],"version-history":[{"count":0,"href":"https:\/\/elcafedepipa.com\/index.php\/wp-json\/wp\/v2\/posts\/13861\/revisions"}],"wp:featuredmedia":[{"embeddable":true,"href":"https:\/\/elcafedepipa.com\/index.php\/wp-json\/wp\/v2\/media\/13863"}],"wp:attachment":[{"href":"https:\/\/elcafedepipa.com\/index.php\/wp-json\/wp\/v2\/media?parent=13861"}],"wp:term":[{"taxonomy":"category","embeddable":true,"href":"https:\/\/elcafedepipa.com\/index.php\/wp-json\/wp\/v2\/categories?post=13861"},{"taxonomy":"post_tag","embeddable":true,"href":"https:\/\/elcafedepipa.com\/index.php\/wp-json\/wp\/v2\/tags?post=13861"}],"curies":[{"name":"wp","href":"https:\/\/api.w.org\/{rel}","templated":true}]}}