{"id":13827,"date":"2025-05-12T13:27:12","date_gmt":"2025-05-12T11:27:12","guid":{"rendered":"https:\/\/elcafedepipa.com\/?p=13827"},"modified":"2025-05-12T13:27:12","modified_gmt":"2025-05-12T11:27:12","slug":"lajuntament-de-la-vall-duixo-inicia-la-temporada-estival-a-sant-josep-amb-rumbes-i-sevillanes","status":"publish","type":"post","link":"https:\/\/elcafedepipa.com\/index.php\/2025\/05\/12\/lajuntament-de-la-vall-duixo-inicia-la-temporada-estival-a-sant-josep-amb-rumbes-i-sevillanes\/","title":{"rendered":"L\u2019Ajuntament de la Vall d\u2019Uix\u00f3 inicia la temporada estival a Sant Josep amb rumbes i sevillanes"},"content":{"rendered":"\n<p>L\u2019Ajuntament de la Vall d\u2019Uix\u00f3 ha donat el tret d\u2019eixida a la <strong>temporada estival a les Coves de Sant Josep<\/strong> amb una jornada festiva marcada per la <strong>m\u00fasica en directe, les rumbes i les sevillanes<\/strong>, que han omplit de ritme i ambient la zona tur\u00edstica m\u00e9s emblem\u00e0tica de la ciutat.<\/p>\n\n\n\n<p>Amb aquesta activitat, es posa en marxa la <strong>programaci\u00f3 d\u2019estiu<\/strong> que busca <strong>dinamitzar l\u2019entorn de les Coves<\/strong> amb propostes culturals, l\u00fadiques i gastron\u00f2miques per a tots els p\u00fablics, refor\u00e7ant el seu atractiu tur\u00edstic tant per als visitants com per als ve\u00efns i ve\u00efnes de la Vall.<\/p>\n\n\n\n<p>L\u2019acte ha comptat amb la participaci\u00f3 de grups locals i l\u2019assist\u00e8ncia de nombrosos ve\u00efns que han gaudit d\u2019una jornada de conviv\u00e8ncia i oci en un espai \u00fanic com \u00e9s l\u2019entorn natural de Sant Josep. Aquesta iniciativa s\u2019emmarca en l\u2019estrat\u00e8gia municipal de <strong>promoci\u00f3 del turisme de proximitat i posada en valor del patrimoni natural i cultural<\/strong>.<\/p>\n\n\n\n<p>Des del consistori s\u2019ha destacat la import\u00e0ncia de \u201cconvertir Sant Josep en un punt de trobada durant els caps de setmana d\u2019estiu\u201d, amb activitats que impulsen l\u2019economia local i ofereixen opcions d\u2019oci saludables i accessibles.<\/p>\n\n\n\n<figure class=\"wp-block-image size-full\"><img fetchpriority=\"high\" decoding=\"async\" width=\"353\" height=\"250\" src=\"https:\/\/elcafedepipa.com\/wp-content\/uploads\/2025\/05\/GetAttachmentThumbnail-5.jpg\" alt=\"\" class=\"wp-image-13828\" srcset=\"https:\/\/elcafedepipa.com\/wp-content\/uploads\/2025\/05\/GetAttachmentThumbnail-5.jpg 353w, https:\/\/elcafedepipa.com\/wp-content\/uploads\/2025\/05\/GetAttachmentThumbnail-5-300x212.jpg 300w\" sizes=\"(max-width: 353px) 100vw, 353px\" \/><\/figure>\n","protected":false},"excerpt":{"rendered":"<p>L\u2019Ajuntament de la Vall d\u2019Uix\u00f3 ha donat el tret d\u2019eixida a la temporada estival a les Coves de Sant Josep amb una jornada festiva marcada per la m\u00fasica en directe, les rumbes i les sevillanes, que han omplit de ritme i ambient la zona tur\u00edstica m\u00e9s emblem\u00e0tica de la ciutat. Amb aquesta activitat, es posa &#8230; <a title=\"L\u2019Ajuntament de la Vall d\u2019Uix\u00f3 inicia la temporada estival a Sant Josep amb rumbes i sevillanes\" class=\"read-more\" href=\"https:\/\/elcafedepipa.com\/index.php\/2025\/05\/12\/lajuntament-de-la-vall-duixo-inicia-la-temporada-estival-a-sant-josep-amb-rumbes-i-sevillanes\/\" aria-label=\"M\u00e9s informaci\u00f3 sobre L\u2019Ajuntament de la Vall d\u2019Uix\u00f3 inicia la temporada estival a Sant Josep amb rumbes i sevillanes\">Read more<\/a><\/p>\n","protected":false},"author":2,"featured_media":13829,"comment_status":"closed","ping_status":"closed","sticky":false,"template":"","format":"standard","meta":{"om_disable_all_campaigns":false,"_monsterinsights_skip_tracking":false,"_monsterinsights_sitenote_active":false,"_monsterinsights_sitenote_note":"","_monsterinsights_sitenote_category":0,"_uf_show_specific_survey":0,"_uf_disable_surveys":false,"footnotes":""},"categories":[2],"tags":[],"class_list":["post-13827","post","type-post","status-publish","format-standard","has-post-thumbnail","hentry","category-lavallduixo"],"_links":{"self":[{"href":"https:\/\/elcafedepipa.com\/index.php\/wp-json\/wp\/v2\/posts\/13827","targetHints":{"allow":["GET"]}}],"collection":[{"href":"https:\/\/elcafedepipa.com\/index.php\/wp-json\/wp\/v2\/posts"}],"about":[{"href":"https:\/\/elcafedepipa.com\/index.php\/wp-json\/wp\/v2\/types\/post"}],"author":[{"embeddable":true,"href":"https:\/\/elcafedepipa.com\/index.php\/wp-json\/wp\/v2\/users\/2"}],"replies":[{"embeddable":true,"href":"https:\/\/elcafedepipa.com\/index.php\/wp-json\/wp\/v2\/comments?post=13827"}],"version-history":[{"count":0,"href":"https:\/\/elcafedepipa.com\/index.php\/wp-json\/wp\/v2\/posts\/13827\/revisions"}],"wp:featuredmedia":[{"embeddable":true,"href":"https:\/\/elcafedepipa.com\/index.php\/wp-json\/wp\/v2\/media\/13829"}],"wp:attachment":[{"href":"https:\/\/elcafedepipa.com\/index.php\/wp-json\/wp\/v2\/media?parent=13827"}],"wp:term":[{"taxonomy":"category","embeddable":true,"href":"https:\/\/elcafedepipa.com\/index.php\/wp-json\/wp\/v2\/categories?post=13827"},{"taxonomy":"post_tag","embeddable":true,"href":"https:\/\/elcafedepipa.com\/index.php\/wp-json\/wp\/v2\/tags?post=13827"}],"curies":[{"name":"wp","href":"https:\/\/api.w.org\/{rel}","templated":true}]}}