{"id":13815,"date":"2025-05-12T13:09:07","date_gmt":"2025-05-12T11:09:07","guid":{"rendered":"https:\/\/elcafedepipa.com\/?p=13815"},"modified":"2025-05-12T13:09:07","modified_gmt":"2025-05-12T11:09:07","slug":"la-generalitat-reutilitza-tones-de-terra-de-les-inundacions-per-a-construir-el-nou-complex-esportiu-de-la-llosa","status":"publish","type":"post","link":"https:\/\/elcafedepipa.com\/index.php\/2025\/05\/12\/la-generalitat-reutilitza-tones-de-terra-de-les-inundacions-per-a-construir-el-nou-complex-esportiu-de-la-llosa\/","title":{"rendered":"La Generalitat reutilitza tones de terra de les inundacions per a construir el nou complex esportiu de la Llosa"},"content":{"rendered":"\n<p>La <strong>Generalitat Valenciana<\/strong> ha posat en marxa un operatiu per <strong>reutilitzar les tones de terra barrejades amb residus<\/strong> arran de les inundacions del passat <strong>29 d\u2019octubre<\/strong>, destinant-les als <strong>treballs de construcci\u00f3 del nou complex esportiu municipal de la Llosa<\/strong>.<\/p>\n\n\n\n<p>Aix\u00ed ho ha anunciat el conseller de Medi Ambient, Infraestructures i Territori, <strong>Vicente Mart\u00ednez Mus<\/strong>, durant una visita a la zona de recepci\u00f3 del material, acompanyat per l\u2019alcalde de la localitat, <strong>Ximo Llopis<\/strong>, i el director general de Qualitat i Educaci\u00f3 Ambiental, <strong>Jorge Blanco<\/strong>.<\/p>\n\n\n\n<p>Segons Mart\u00ednez Mus, \u201c<strong>La Llosa \u00e9s el primer municipi que utilitzar\u00e0 aquest volum de terra<\/strong>, amb un dispositiu que contempla el <strong>trasllat de 100 camions<\/strong>, l\u2019equivalent a un centenar de piscines dom\u00e8stiques\u201d. El conseller ha destacat el <strong>comprom\u00eds del Consell amb la reutilitzaci\u00f3 responsable dels residus<\/strong>, impulsant iniciatives com aquesta \u201cper reduir l\u2019impacte ambiental i beneficiar els ve\u00efns\u201d.<\/p>\n\n\n\n<p>La terra es far\u00e0 servir per <strong>nivellar el terreny<\/strong> on s\u2019ubicar\u00e0 la futura zona esportiva municipal, que inclour\u00e0 una <strong>pista de tenis<\/strong>, una <strong>pista multiesportiva de futbol i b\u00e0squet<\/strong>, i una <strong>zona de calist\u00e8nia<\/strong>. El projecte, situat davant d\u2019un centre educatiu, suposar\u00e0 \u201cuna millora significativa de l\u2019entorn i de la qualitat de vida dels ve\u00efns i ve\u00efnes\u201d, ha remarcat Mart\u00ednez Mus. La inversi\u00f3 est\u00e0 finan\u00e7ada a trav\u00e9s del <strong>Pla Impulsa<\/strong> de la <strong>Diputaci\u00f3 de Castell\u00f3<\/strong>, amb un pressupost de <strong>158.000 euros<\/strong>.<\/p>\n\n\n\n<h3 class=\"wp-block-heading\"><strong>Un pla de xoc sense precedents per a la gesti\u00f3 de residus<\/strong><\/h3>\n\n\n\n<p>El conseller ha recordat que la Generalitat continua avan\u00e7ant en la <strong>tercera i \u00faltima fase del pla de xoc per a la gesti\u00f3 dels residus de les riuades<\/strong>, amb la gesti\u00f3 de <strong>800.000 tones de materials<\/strong>. Aquesta fase contempla el <strong>buidatge complet dels punts habilitats<\/strong> i ha despertat l\u2019<strong>inter\u00e9s de les institucions europees<\/strong> per la seua efici\u00e8ncia i l\u2019envergadura de l\u2019operaci\u00f3.<\/p>\n\n\n\n<p>En el marc d\u2019aquest pla, la Conselleria ha creat <strong>noves figures i procediments<\/strong> en la gesti\u00f3 p\u00fablica de residus, que s\u2019inclouran en el nou <strong>Pla Integral de Residus<\/strong>. A m\u00e9s, es preveu la <strong>creaci\u00f3 d\u2019un abocador d\u2019emerg\u00e8ncia per prov\u00edncia<\/strong> per assegurar una infraestructura adequada en futures emerg\u00e8ncies ambientals.<\/p>\n\n\n\n<p>Finalment, el pla contempla l\u2019exploraci\u00f3 de <strong>possibles aplicacions per a les terres recuperades<\/strong>, com aquesta primera experi\u00e8ncia a la Llosa, i la <strong>eliminaci\u00f3 controlada dels residus no valoritzables<\/strong>, sempre en <strong>abocadors autoritzats i amb el menor impacte ambiental possible<\/strong>.<\/p>\n","protected":false},"excerpt":{"rendered":"<p>La Generalitat Valenciana ha posat en marxa un operatiu per reutilitzar les tones de terra barrejades amb residus arran de les inundacions del passat 29 d\u2019octubre, destinant-les als treballs de construcci\u00f3 del nou complex esportiu municipal de la Llosa. Aix\u00ed ho ha anunciat el conseller de Medi Ambient, Infraestructures i Territori, Vicente Mart\u00ednez Mus, durant &#8230; <a title=\"La Generalitat reutilitza tones de terra de les inundacions per a construir el nou complex esportiu de la Llosa\" class=\"read-more\" href=\"https:\/\/elcafedepipa.com\/index.php\/2025\/05\/12\/la-generalitat-reutilitza-tones-de-terra-de-les-inundacions-per-a-construir-el-nou-complex-esportiu-de-la-llosa\/\" aria-label=\"M\u00e9s informaci\u00f3 sobre La Generalitat reutilitza tones de terra de les inundacions per a construir el nou complex esportiu de la Llosa\">Read more<\/a><\/p>\n","protected":false},"author":2,"featured_media":13818,"comment_status":"closed","ping_status":"closed","sticky":false,"template":"","format":"standard","meta":{"om_disable_all_campaigns":false,"_monsterinsights_skip_tracking":false,"_monsterinsights_sitenote_active":false,"_monsterinsights_sitenote_note":"","_monsterinsights_sitenote_category":0,"_uf_show_specific_survey":0,"_uf_disable_surveys":false,"footnotes":""},"categories":[8],"tags":[],"class_list":["post-13815","post","type-post","status-publish","format-standard","has-post-thumbnail","hentry","category-lallosa"],"_links":{"self":[{"href":"https:\/\/elcafedepipa.com\/index.php\/wp-json\/wp\/v2\/posts\/13815","targetHints":{"allow":["GET"]}}],"collection":[{"href":"https:\/\/elcafedepipa.com\/index.php\/wp-json\/wp\/v2\/posts"}],"about":[{"href":"https:\/\/elcafedepipa.com\/index.php\/wp-json\/wp\/v2\/types\/post"}],"author":[{"embeddable":true,"href":"https:\/\/elcafedepipa.com\/index.php\/wp-json\/wp\/v2\/users\/2"}],"replies":[{"embeddable":true,"href":"https:\/\/elcafedepipa.com\/index.php\/wp-json\/wp\/v2\/comments?post=13815"}],"version-history":[{"count":0,"href":"https:\/\/elcafedepipa.com\/index.php\/wp-json\/wp\/v2\/posts\/13815\/revisions"}],"wp:featuredmedia":[{"embeddable":true,"href":"https:\/\/elcafedepipa.com\/index.php\/wp-json\/wp\/v2\/media\/13818"}],"wp:attachment":[{"href":"https:\/\/elcafedepipa.com\/index.php\/wp-json\/wp\/v2\/media?parent=13815"}],"wp:term":[{"taxonomy":"category","embeddable":true,"href":"https:\/\/elcafedepipa.com\/index.php\/wp-json\/wp\/v2\/categories?post=13815"},{"taxonomy":"post_tag","embeddable":true,"href":"https:\/\/elcafedepipa.com\/index.php\/wp-json\/wp\/v2\/tags?post=13815"}],"curies":[{"name":"wp","href":"https:\/\/api.w.org\/{rel}","templated":true}]}}