{"id":13812,"date":"2025-05-17T12:04:00","date_gmt":"2025-05-17T10:04:00","guid":{"rendered":"https:\/\/elcafedepipa.com\/?p=13812"},"modified":"2025-05-12T13:08:26","modified_gmt":"2025-05-12T11:08:26","slug":"la-unio-informa-que-la-pedra-del-passat-dissabte-va-afectar-a-prop-de-800-hectarees-de-cultiu-a-la-plana-baixa-i-alto-palancia-amb-unes-perdues-de-mes-de-800-000-euros","status":"publish","type":"post","link":"https:\/\/elcafedepipa.com\/index.php\/2025\/05\/17\/la-unio-informa-que-la-pedra-del-passat-dissabte-va-afectar-a-prop-de-800-hectarees-de-cultiu-a-la-plana-baixa-i-alto-palancia-amb-unes-perdues-de-mes-de-800-000-euros\/","title":{"rendered":"LA UNI\u00d3 informa que la pedra del passat dissabte va afectar a prop de 800 hect\u00e0rees de cultiu a la Plana Baixa i Alto Palancia amb unes p\u00e8rdues de m\u00e9s de 800.000 euros"},"content":{"rendered":"\n<p>La Uni\u00f3 Llauradora informa que les tempestes acompanyades de gran\u00edssol del passat dissabte van afectar 756 hect\u00e0rees de cultiu a la prov\u00edncia de Castell\u00f3 (Plana Baixa y Alto Palancia) amb unes p\u00e8rdues inicials estimades en m\u00e9s de 800.000 euros.<\/p>\n\n\n\n<p>Les comarques m\u00e9s afectades per aquest nou episodi de tempestes amb pedra en el conjunt de la Comunitat Valenciana s\u00f3n Utiel-Requena, La Serrania, Camp de T\u00faria i Camp de Morvedre a la prov\u00edncia de Val\u00e8ncia i la Plana Baixa i Alto Palancia en la de Castell\u00f3.<\/p>\n\n\n\n<p>La producci\u00f3 agr\u00edcola en totes eixes zones afectades \u00e9s molt diversa amb cultiu de cereal, ametlers, olivar, c\u00edtrics i vinya. Aquest \u00faltim cultiu \u00e9s el m\u00e9s danyat amb 7.664 hect\u00e0rees, seguit d&#8217;ametler amb 2.270 ha, olivar amb 1.144, cereal amb 825 i 460 ha de c\u00edtrics.<\/p>\n\n\n\n<p>La comarca amb major r\u00e0dio d&#8217;afecci\u00f3 i p\u00e8rdues \u00e9s Utiel-Requena amb una superf\u00edcie de m\u00e9s de 10.500 hect\u00e0rees i una quantitat de quasi 7 milions d&#8217;euros. Els termes municipals m\u00e9s afectats s\u00f3n per aquest ordre: Camporrobles, Sinarcas, Requena, Utiel, Venta del Moro i Caudete de las Fuentes.<\/p>\n\n\n\n<p>A aquesta comarca li segueix la Serrania amb 640 hect\u00e0rees afectades i 429.000 euros de p\u00e8rdues, l&#8217;Alto Palancia amb 505 hect\u00e0rees i 354.000 euros, Camp de T\u00faria amb 390 ha i 338.000 euros, la Plana Baixa amb 251 ha i 448.000 euros i el Camp de Morvedre amb 54 ha i 87.000 euros.<\/p>\n\n\n\n<p>A la comarca de la Plana Baixa castellonenca afortunadament hi ha menys hect\u00e0rees afectades de les quals en un principi es temia, encara que els danys s\u00f3n molt importants en c\u00edtrics perqu\u00e8 a l&#8217;efecte de la pedra se li van sumar r\u00e0fegues de vent de fins a 51 km\/h. Els arbres de troben en plena brotada i la combinaci\u00f3 pluja i vent ha provocat la caiguda de branques i fulles, aix\u00ed com l&#8217;arrossegament de terra. La calamarsada coincideix aix\u00ed amb el proc\u00e9s natural de la porg\u00e0 en la qual l&#8217;arbre descarta els primers brots de fruita, per la qual cosa els citricultors afectats podrien tindre un minvament important en la futura collita. Tamb\u00e9 una part de la fulla jove de les brotades est\u00e0 en el s\u00f2l.<\/p>\n\n\n\n<p>LA UNI\u00d3 assenyala que aquestes adversitats climatol\u00f2giques estan cobertes en teoria per l&#8217;actual sistema d&#8217;assegurances agr\u00e0ries i sol\u00b7licitar\u00e0 a Agroseguro que agilitze les peritacions de les parcel\u00b7les afectades el m\u00e0xim possible perqu\u00e8 els llauradors cobren les indemnitzacions. No obstant aix\u00f2, preocupa a LA UNI\u00d3 la possible falta de cobertura en c\u00edtrics pel moment en el qual s&#8217;ha produ\u00eft el sinistre. \u201cPossiblement quan es perite la parcel\u00b7la, l&#8217;arbre hi haur\u00e0 porgat ja i no es podran demostrar els danys, d&#8217;ac\u00ed la nostra reclamaci\u00f3 perqu\u00e8 es perite immediatament\u201d, indica l&#8217;organitzaci\u00f3 agr\u00e0ria. Tamb\u00e9 en relaci\u00f3 amb les assegurances agr\u00e0ries, LA UNI\u00d3 proposa al Ministeri d&#8217;Agricultura que no s&#8217;apliquen les franqu\u00edcies en les assegurances agr\u00e0ries pels danys extraordinaris causats per aquestes pedregades en zones declarades com afectades greument per una emerg\u00e8ncia de protecci\u00f3 civil.<\/p>\n\n\n\n<p>L&#8217;organitzaci\u00f3 tamb\u00e9 sol\u00b7licitar\u00e0 per a les persones afectades la concessi\u00f3 d&#8217;ajudes directes i per a aix\u00f2 proposa que la Generalitat, a trav\u00e9s de la Conselleria d&#8217;Agricultura, aprove bases reguladores que permeten establir de manera immediata ajudes amb fons propis destinades als titulars d&#8217;explotacions agr\u00edcoles i ramaderes que s&#8217;hagen vist afectats. Tamb\u00e9 demanar\u00e0 la condonaci\u00f3 de l&#8217;IBI de les parcel\u00b7les cultivades i construccions presents en elles, la bonificaci\u00f3 de les quotes de la Seguretat Social durant un any, l&#8217;establiment de pr\u00e9stecs amb inter\u00e9s subvencionat, el repartiment gratu\u00eft de productes fungicides per a evitar l&#8217;aparici\u00f3 de fongs en els camps afectats i tamb\u00e9 una s\u00e8rie d&#8217;actuacions i ajudes per a les cooperatives comercialitzadores afectades.<\/p>\n\n\n\n<p>LA UNI\u00d3 assenyala que molts Ajuntaments estan sol\u00b7licitant els seus termes municipals com a zona catastr\u00f2fica. En aquest sentit, l&#8217;organitzaci\u00f3 proposa que les zones afectades siguen declarades per part del Consell de Ministres com a zona afectada greument per una emerg\u00e8ncia de protecci\u00f3 civil (anteriorment zona catastr\u00f2fica) una vegada ho sol\u00b7liciten els ajuntaments.<\/p>\n\n\n\n<p><\/p>\n","protected":false},"excerpt":{"rendered":"<p>La Uni\u00f3 Llauradora informa que les tempestes acompanyades de gran\u00edssol del passat dissabte van afectar 756 hect\u00e0rees de cultiu a la prov\u00edncia de Castell\u00f3 (Plana Baixa y Alto Palancia) amb unes p\u00e8rdues inicials estimades en m\u00e9s de 800.000 euros. Les comarques m\u00e9s afectades per aquest nou episodi de tempestes amb pedra en el conjunt de &#8230; <a title=\"LA UNI\u00d3 informa que la pedra del passat dissabte va afectar a prop de 800 hect\u00e0rees de cultiu a la Plana Baixa i Alto Palancia amb unes p\u00e8rdues de m\u00e9s de 800.000 euros\" class=\"read-more\" href=\"https:\/\/elcafedepipa.com\/index.php\/2025\/05\/17\/la-unio-informa-que-la-pedra-del-passat-dissabte-va-afectar-a-prop-de-800-hectarees-de-cultiu-a-la-plana-baixa-i-alto-palancia-amb-unes-perdues-de-mes-de-800-000-euros\/\" aria-label=\"M\u00e9s informaci\u00f3 sobre LA UNI\u00d3 informa que la pedra del passat dissabte va afectar a prop de 800 hect\u00e0rees de cultiu a la Plana Baixa i Alto Palancia amb unes p\u00e8rdues de m\u00e9s de 800.000 euros\">Read more<\/a><\/p>\n","protected":false},"author":2,"featured_media":13816,"comment_status":"closed","ping_status":"closed","sticky":false,"template":"","format":"standard","meta":{"om_disable_all_campaigns":false,"_monsterinsights_skip_tracking":false,"_monsterinsights_sitenote_active":false,"_monsterinsights_sitenote_note":"","_monsterinsights_sitenote_category":0,"_uf_show_specific_survey":0,"_uf_disable_surveys":false,"footnotes":""},"categories":[11],"tags":[],"class_list":["post-13812","post","type-post","status-publish","format-standard","has-post-thumbnail","hentry","category-comunitatvalenciana"],"_links":{"self":[{"href":"https:\/\/elcafedepipa.com\/index.php\/wp-json\/wp\/v2\/posts\/13812","targetHints":{"allow":["GET"]}}],"collection":[{"href":"https:\/\/elcafedepipa.com\/index.php\/wp-json\/wp\/v2\/posts"}],"about":[{"href":"https:\/\/elcafedepipa.com\/index.php\/wp-json\/wp\/v2\/types\/post"}],"author":[{"embeddable":true,"href":"https:\/\/elcafedepipa.com\/index.php\/wp-json\/wp\/v2\/users\/2"}],"replies":[{"embeddable":true,"href":"https:\/\/elcafedepipa.com\/index.php\/wp-json\/wp\/v2\/comments?post=13812"}],"version-history":[{"count":0,"href":"https:\/\/elcafedepipa.com\/index.php\/wp-json\/wp\/v2\/posts\/13812\/revisions"}],"wp:featuredmedia":[{"embeddable":true,"href":"https:\/\/elcafedepipa.com\/index.php\/wp-json\/wp\/v2\/media\/13816"}],"wp:attachment":[{"href":"https:\/\/elcafedepipa.com\/index.php\/wp-json\/wp\/v2\/media?parent=13812"}],"wp:term":[{"taxonomy":"category","embeddable":true,"href":"https:\/\/elcafedepipa.com\/index.php\/wp-json\/wp\/v2\/categories?post=13812"},{"taxonomy":"post_tag","embeddable":true,"href":"https:\/\/elcafedepipa.com\/index.php\/wp-json\/wp\/v2\/tags?post=13812"}],"curies":[{"name":"wp","href":"https:\/\/api.w.org\/{rel}","templated":true}]}}