{"id":13811,"date":"2025-05-12T13:05:16","date_gmt":"2025-05-12T11:05:16","guid":{"rendered":"https:\/\/elcafedepipa.com\/?p=13811"},"modified":"2025-05-12T13:05:16","modified_gmt":"2025-05-12T11:05:16","slug":"el-consell-del-pp-desbloqueja-lampliacio-del-local-de-jubilats-de-nules","status":"publish","type":"post","link":"https:\/\/elcafedepipa.com\/index.php\/2025\/05\/12\/el-consell-del-pp-desbloqueja-lampliacio-del-local-de-jubilats-de-nules\/","title":{"rendered":"El Consell del PP desbloqueja l&#8217;ampliaci\u00f3 del local de jubilats de Nules"},"content":{"rendered":"\n<p>El portaveu del Partit Popular de Nules, Jos\u00e9 Adsuara, ha posat en valor l&#8217;aprovaci\u00f3 del tr\u00e0mit de cessi\u00f3 del local de la Ocapa a l&#8217;Ajuntament de Nules que el ple del Consell t\u00e9 previst avalar. \u201c\u00c9s una excel\u00b7lent not\u00edcia per a l&#8217;Associaci\u00f3 de Pensionistes i Jubilats Cantalobos de Nules. \u00c9s una bona nova per a tot el nostre municipi\u201d, ha considerat el portaveu del PP en la localitat, Jos\u00e9 Adsuara.<\/p>\n\n\n\n<p>Cal assenyalar que l&#8217;Ajuntament de Nules va aprovar en ple en 2018 reclamar la cessi\u00f3 d&#8217;esta oficina. \u201cNo obstant aix\u00f2, durant anys el PSOE i Comprom\u00eds ens van donar l&#8217;esquena des del Consell. Ara, en menys de dos anys, el PP ha demostrat al capdavant de la Generalitat Valenciana que l&#8217;\u00fanica cosa necess\u00e0ria era tindre inter\u00e9s\u201d.<\/p>\n\n\n\n<p>L&#8217;acord ratifica l&#8217;anunciat per la consellera d&#8217;Hisenda, Ruth Merino, amb qui el portaveu del PP a Nules es va reunir el mes de mar\u00e7 passat. \u201cTreballem per a sumar pel nostre poble, tal com els transmetem als membres de l&#8217;associaci\u00f3. I ara, per fi, complim\u201d.<\/p>\n\n\n\n<p>\u201cLa cessi\u00f3 d&#8217;esta oficina permetr\u00e0 millorar les condicions dels nostres ve\u00efns. Comptaran amb un major espai per a desenrotllar activitats, trobades i xarrades. A m\u00e9s s&#8217;instal\u00b7lar\u00e0 una eixida d&#8217;emerg\u00e8ncia. Volem que tota la<\/p>\n\n\n\n<p>programaci\u00f3 que tenen es desenrotlle en un espai adequat a les seues necessitats. I \u00e9s el que hem fet, fer-ho possible\u201d, ha explicat Adsuara.<\/p>\n\n\n\n<p>Des del PP han posat en valor la sensibilitat del Consell i el compliment de la paraula donada. \u201c\u00c9s evident que el canvi pol\u00edtic al capdavant de la Generalitat Valenciana li senta b\u00e9 a Nules. I nosaltres serem ac\u00ed per a continuar reclamant el que el nostre poble necessita. Sempre\u201d.<\/p>\n","protected":false},"excerpt":{"rendered":"<p>El portaveu del Partit Popular de Nules, Jos\u00e9 Adsuara, ha posat en valor l&#8217;aprovaci\u00f3 del tr\u00e0mit de cessi\u00f3 del local de la Ocapa a l&#8217;Ajuntament de Nules que el ple del Consell t\u00e9 previst avalar. \u201c\u00c9s una excel\u00b7lent not\u00edcia per a l&#8217;Associaci\u00f3 de Pensionistes i Jubilats Cantalobos de Nules. \u00c9s una bona nova per a &#8230; <a title=\"El Consell del PP desbloqueja l&#8217;ampliaci\u00f3 del local de jubilats de Nules\" class=\"read-more\" href=\"https:\/\/elcafedepipa.com\/index.php\/2025\/05\/12\/el-consell-del-pp-desbloqueja-lampliacio-del-local-de-jubilats-de-nules\/\" aria-label=\"M\u00e9s informaci\u00f3 sobre El Consell del PP desbloqueja l&#8217;ampliaci\u00f3 del local de jubilats de Nules\">Read more<\/a><\/p>\n","protected":false},"author":2,"featured_media":13813,"comment_status":"closed","ping_status":"closed","sticky":false,"template":"","format":"standard","meta":{"om_disable_all_campaigns":false,"_monsterinsights_skip_tracking":false,"_monsterinsights_sitenote_active":false,"_monsterinsights_sitenote_note":"","_monsterinsights_sitenote_category":0,"_uf_show_specific_survey":0,"_uf_disable_surveys":false,"footnotes":""},"categories":[3],"tags":[],"class_list":["post-13811","post","type-post","status-publish","format-standard","has-post-thumbnail","hentry","category-nules"],"_links":{"self":[{"href":"https:\/\/elcafedepipa.com\/index.php\/wp-json\/wp\/v2\/posts\/13811","targetHints":{"allow":["GET"]}}],"collection":[{"href":"https:\/\/elcafedepipa.com\/index.php\/wp-json\/wp\/v2\/posts"}],"about":[{"href":"https:\/\/elcafedepipa.com\/index.php\/wp-json\/wp\/v2\/types\/post"}],"author":[{"embeddable":true,"href":"https:\/\/elcafedepipa.com\/index.php\/wp-json\/wp\/v2\/users\/2"}],"replies":[{"embeddable":true,"href":"https:\/\/elcafedepipa.com\/index.php\/wp-json\/wp\/v2\/comments?post=13811"}],"version-history":[{"count":0,"href":"https:\/\/elcafedepipa.com\/index.php\/wp-json\/wp\/v2\/posts\/13811\/revisions"}],"wp:featuredmedia":[{"embeddable":true,"href":"https:\/\/elcafedepipa.com\/index.php\/wp-json\/wp\/v2\/media\/13813"}],"wp:attachment":[{"href":"https:\/\/elcafedepipa.com\/index.php\/wp-json\/wp\/v2\/media?parent=13811"}],"wp:term":[{"taxonomy":"category","embeddable":true,"href":"https:\/\/elcafedepipa.com\/index.php\/wp-json\/wp\/v2\/categories?post=13811"},{"taxonomy":"post_tag","embeddable":true,"href":"https:\/\/elcafedepipa.com\/index.php\/wp-json\/wp\/v2\/tags?post=13811"}],"curies":[{"name":"wp","href":"https:\/\/api.w.org\/{rel}","templated":true}]}}