{"id":13806,"date":"2025-05-12T13:00:29","date_gmt":"2025-05-12T11:00:29","guid":{"rendered":"https:\/\/elcafedepipa.com\/?p=13806"},"modified":"2025-05-12T13:00:29","modified_gmt":"2025-05-12T11:00:29","slug":"la-vall-duixo-sera-una-ciutat-cardioprotegida-amb-la-formacio-de-600-persones-en-rcp-i-us-de-desa","status":"publish","type":"post","link":"https:\/\/elcafedepipa.com\/index.php\/2025\/05\/12\/la-vall-duixo-sera-una-ciutat-cardioprotegida-amb-la-formacio-de-600-persones-en-rcp-i-us-de-desa\/","title":{"rendered":"La Vall d\u2019Uix\u00f3 ser\u00e0 una ciutat cardioprotegida amb la formaci\u00f3 de 600 persones en RCP i \u00fas de DESA"},"content":{"rendered":"\n<p>L\u2019Ajuntament de la Vall d\u2019Uix\u00f3 ha posat en marxa el <strong>Pla Municipal de Cardioprotecci\u00f3 2025-2027<\/strong>, una iniciativa amb l\u2019objectiu que la ciutat es convertisca en un <strong>entorn cardioprotegit<\/strong>, millorant la capacitat de resposta davant situacions d\u2019urg\u00e8ncia sanit\u00e0ria com <strong>aturades cardiorespirat\u00f2ries o obstruccions de vies a\u00e8ries<\/strong>, i fomentant una <strong>cultura de prevenci\u00f3 i acci\u00f3 immediata<\/strong>.<\/p>\n\n\n\n<p>El projecte contempla la <strong>formaci\u00f3 en suport vital b\u00e0sic (SVB) i \u00fas de desfibril\u00b7ladors externs semiautom\u00e0tics (DESA)<\/strong>, comen\u00e7ant per <strong>personal municipal<\/strong> en una primera fase i estenent-se posteriorment a <strong>col\u00b7lectius estrat\u00e8gics com el professorat i la joventut<\/strong>. Les primeres sessions, impartides per la <strong>Policia Local<\/strong>, ja han comen\u00e7at i compten amb la participaci\u00f3 de <strong>membres de l\u2019equip de govern i empleats p\u00fablics<\/strong>.<\/p>\n\n\n\n<p>La previsi\u00f3 \u00e9s formar tamb\u00e9 a <strong>docents d\u2019educaci\u00f3 infantil, prim\u00e0ria, secund\u00e0ria, batxillerat i formaci\u00f3 professional<\/strong>, aix\u00ed com a <strong>l\u2019alumnat de 4t d\u2019ESO dels instituts de la ciutat<\/strong>. En total, es preveu arribar a <strong>unes 600 persones fins a l\u2019any 2027<\/strong>, tot i que el programa naix amb <strong>vocaci\u00f3 de continu\u00eftat<\/strong>, especialment entre l\u2019alumnat que finalitza l\u2019educaci\u00f3 obligat\u00f2ria. \u201cAmb el temps, anir\u00e0 creixent el nombre de persones amb coneixements b\u00e0sics per a salvar una vida\u201d, ha destacat el regidor de Policia, <strong>Javier Ferreres<\/strong>.<\/p>\n\n\n\n<p>La implantaci\u00f3 del pla ser\u00e0 <strong>gradual<\/strong> i les sessions es <strong>personalitzaran segons el perfil del col\u00b7lectiu participant<\/strong>. En una fase posterior, es far\u00e0 una <strong>prospecci\u00f3 de noves necessitats<\/strong> per a ampliar la formaci\u00f3 a altres sectors de la poblaci\u00f3 i refor\u00e7ar la conscienciaci\u00f3 sobre la import\u00e0ncia del suport vital b\u00e0sic.<\/p>\n\n\n\n<p>Els cursos tenen una duraci\u00f3 inicial de <strong>quatre hores<\/strong> i inclouen continguts te\u00f2rics i pr\u00e0ctics sobre la <strong>cadena de superviv\u00e8ncia<\/strong>, <strong>massatge card\u00edac<\/strong>, <strong>ventilaci\u00f3<\/strong>, <strong>\u00fas del DESA<\/strong> i <strong>maniobres davant obstruccions de la via a\u00e8ria<\/strong>. Una actuaci\u00f3 r\u00e0pida abans de l\u2019arribada dels serveis d\u2019emerg\u00e8ncies pot ser determinant per a la superviv\u00e8ncia.<\/p>\n\n\n\n<p>Actualment, <strong>la Policia Local i Protecci\u00f3 Civil ja estan formats en RCP i \u00fas de DESA<\/strong>, i la ciutat disposa de <strong>tres desfibril\u00b7ladors en vehicles policials<\/strong> i <strong>set en espais p\u00fablics<\/strong>: la <strong>Pista d\u2019Atletisme<\/strong>, els <strong>Camps de Futbol de la Moleta<\/strong>, l\u2019<strong>Estadi Jos\u00e9 Mangri\u00f1\u00e1n<\/strong>, la <strong>Piscina Coberta<\/strong>, el <strong>Poliesportiu Municipal<\/strong>, el <strong>Teatre Carmen Tur<\/strong> i <strong>l\u2019acc\u00e9s a les Coves de Sant Josep<\/strong>.<\/p>\n\n\n\n<p>Segons dades municipals, a la Vall d\u2019Uix\u00f3 es registren prop de <strong>35 aturades cardiorespirat\u00f2ries cada any<\/strong>, una xifra que a nivell estatal arriba a <strong>30.000 anuals<\/strong>, sent una de les <strong>principals causes de mortalitat<\/strong>.<\/p>\n","protected":false},"excerpt":{"rendered":"<p>L\u2019Ajuntament de la Vall d\u2019Uix\u00f3 ha posat en marxa el Pla Municipal de Cardioprotecci\u00f3 2025-2027, una iniciativa amb l\u2019objectiu que la ciutat es convertisca en un entorn cardioprotegit, millorant la capacitat de resposta davant situacions d\u2019urg\u00e8ncia sanit\u00e0ria com aturades cardiorespirat\u00f2ries o obstruccions de vies a\u00e8ries, i fomentant una cultura de prevenci\u00f3 i acci\u00f3 immediata. El &#8230; <a title=\"La Vall d\u2019Uix\u00f3 ser\u00e0 una ciutat cardioprotegida amb la formaci\u00f3 de 600 persones en RCP i \u00fas de DESA\" class=\"read-more\" href=\"https:\/\/elcafedepipa.com\/index.php\/2025\/05\/12\/la-vall-duixo-sera-una-ciutat-cardioprotegida-amb-la-formacio-de-600-persones-en-rcp-i-us-de-desa\/\" aria-label=\"M\u00e9s informaci\u00f3 sobre La Vall d\u2019Uix\u00f3 ser\u00e0 una ciutat cardioprotegida amb la formaci\u00f3 de 600 persones en RCP i \u00fas de DESA\">Read more<\/a><\/p>\n","protected":false},"author":2,"featured_media":13807,"comment_status":"closed","ping_status":"closed","sticky":false,"template":"","format":"standard","meta":{"om_disable_all_campaigns":false,"_monsterinsights_skip_tracking":false,"_monsterinsights_sitenote_active":false,"_monsterinsights_sitenote_note":"","_monsterinsights_sitenote_category":0,"_uf_show_specific_survey":0,"_uf_disable_surveys":false,"footnotes":""},"categories":[2],"tags":[],"class_list":["post-13806","post","type-post","status-publish","format-standard","has-post-thumbnail","hentry","category-lavallduixo"],"_links":{"self":[{"href":"https:\/\/elcafedepipa.com\/index.php\/wp-json\/wp\/v2\/posts\/13806","targetHints":{"allow":["GET"]}}],"collection":[{"href":"https:\/\/elcafedepipa.com\/index.php\/wp-json\/wp\/v2\/posts"}],"about":[{"href":"https:\/\/elcafedepipa.com\/index.php\/wp-json\/wp\/v2\/types\/post"}],"author":[{"embeddable":true,"href":"https:\/\/elcafedepipa.com\/index.php\/wp-json\/wp\/v2\/users\/2"}],"replies":[{"embeddable":true,"href":"https:\/\/elcafedepipa.com\/index.php\/wp-json\/wp\/v2\/comments?post=13806"}],"version-history":[{"count":0,"href":"https:\/\/elcafedepipa.com\/index.php\/wp-json\/wp\/v2\/posts\/13806\/revisions"}],"wp:featuredmedia":[{"embeddable":true,"href":"https:\/\/elcafedepipa.com\/index.php\/wp-json\/wp\/v2\/media\/13807"}],"wp:attachment":[{"href":"https:\/\/elcafedepipa.com\/index.php\/wp-json\/wp\/v2\/media?parent=13806"}],"wp:term":[{"taxonomy":"category","embeddable":true,"href":"https:\/\/elcafedepipa.com\/index.php\/wp-json\/wp\/v2\/categories?post=13806"},{"taxonomy":"post_tag","embeddable":true,"href":"https:\/\/elcafedepipa.com\/index.php\/wp-json\/wp\/v2\/tags?post=13806"}],"curies":[{"name":"wp","href":"https:\/\/api.w.org\/{rel}","templated":true}]}}