{"id":13799,"date":"2025-05-12T12:56:03","date_gmt":"2025-05-12T10:56:03","guid":{"rendered":"https:\/\/elcafedepipa.com\/?p=13799"},"modified":"2025-05-12T12:56:51","modified_gmt":"2025-05-12T10:56:51","slug":"lajuntament-de-la-vall-duixo-preve-les-addiccions-amb-formacio-en-lambit-escolar-i-familiar","status":"publish","type":"post","link":"https:\/\/elcafedepipa.com\/index.php\/2025\/05\/12\/lajuntament-de-la-vall-duixo-preve-les-addiccions-amb-formacio-en-lambit-escolar-i-familiar\/","title":{"rendered":"L\u2019Ajuntament de la Vall d\u2019Uix\u00f3 prev\u00e9 les addiccions amb formaci\u00f3 en l\u2019\u00e0mbit escolar i familiar"},"content":{"rendered":"\n<p>L\u2019Ajuntament de la Vall d\u2019Uix\u00f3 est\u00e0 desenvolupant una important tasca de <strong>prevenci\u00f3 d\u2019addiccions<\/strong> en l\u2019\u00e0mbit educatiu i familiar, a trav\u00e9s de la campanya <strong>\u2018Parlem-ho\u2019<\/strong>, que dirigeix accions a <strong>alumnat, fam\u00edlies i docents<\/strong>. L\u2019objectiu \u00e9s que \u201cno siga un tema tab\u00fa ni ple d\u2019estereotips, sin\u00f3 que es puga parlar per a prevenir i trobar solucions\u201d, segons ha explicat el regidor de Serveis Socials, <strong>Jorge Marqu\u00e9s<\/strong>.<\/p>\n\n\n\n<p>Els <strong>programes de prevenci\u00f3<\/strong> tenen tres l\u00ednies principals: <strong>instituts, col\u00b7legis i fam\u00edlies<\/strong>.<\/p>\n\n\n\n<p>Als <strong>IES<\/strong>, on per edat existeix un major risc de consum de subst\u00e0ncies, es realitzen <strong>tallers de prevenci\u00f3 d\u2019addiccions<\/strong>, en qu\u00e8 es treballen <strong>habilitats per a la vida<\/strong>, com l\u2019autoconcepte, el pensament cr\u00edtic i constructiu, habilitats socials per a fer front a la pressi\u00f3 de grup i recursos davant situacions de dificultat.<\/p>\n\n\n\n<p>Als <strong>col\u00b7legis<\/strong>, les activitats es centren en <strong>l\u2019\u00fas responsable de la tecnologia<\/strong>, ja que en aquestes edats hi ha un f\u00e0cil acc\u00e9s a internet i xarxes socials. A trav\u00e9s de din\u00e0miques pr\u00e0ctiques, s\u2019ensenya a evitar conductes addictives i a fer un \u00fas saludable dels dispositius digitals.<\/p>\n\n\n\n<p>Pel que fa a les <strong>fam\u00edlies<\/strong> \u2013en aquest curs, les del CEIP <strong>Col\u00f2nia Segarra<\/strong> i <strong>Rosario P\u00e9rez<\/strong>\u2013, tamb\u00e9 participen en formacions espec\u00edfiques per a detectar i prevenir conductes de risc des de casa. A m\u00e9s, <strong>el professorat<\/strong> tamb\u00e9 rep suport a trav\u00e9s de <strong>tallers de benestar emocional<\/strong>, amb eines concretes per a acompanyar l\u2019alumnat en aquest \u00e0mbit.<\/p>\n\n\n\n<p>Totes aquestes accions s\u00f3n desenvolupades per la <strong>Unitat de Prevenci\u00f3 Comunit\u00e0ria de Conductes Addictives (UPCCA)<\/strong> dins del <strong>Pla Municipal de Prevenci\u00f3 de Drogodepend\u00e8ncies<\/strong>.<\/p>\n\n\n\n<p>El regidor Jorge Marqu\u00e9s ha reiterat que \u201cens preocupa que totes les persones tinguen les eines necess\u00e0ries perqu\u00e8 el seu cicle vital es desenvolupe amb benestar\u201d. En aquest sentit, ha destacat que des del consistori <strong>s\u2019est\u00e0 apostant per la formaci\u00f3 en temes com la cura de les persones majors, la diversitat cultural, l\u2019atenci\u00f3 a la primera inf\u00e0ncia o la prevenci\u00f3 d\u2019addiccions des de l\u2019\u00e0mbit escolar i familiar<\/strong>.<\/p>\n\n\n\n<p>\u201cAmb aquest tipus d\u2019iniciatives <strong>constru\u00efm una comunitat que no deixa ning\u00fa enrere<\/strong>\u201d, ha concl\u00f2s.<\/p>\n\n\n\n<figure class=\"wp-block-image size-full\"><img fetchpriority=\"high\" decoding=\"async\" width=\"250\" height=\"353\" src=\"https:\/\/elcafedepipa.com\/wp-content\/uploads\/2025\/05\/GetAttachmentThumbnail-4.jpg\" alt=\"\" class=\"wp-image-13801\" srcset=\"https:\/\/elcafedepipa.com\/wp-content\/uploads\/2025\/05\/GetAttachmentThumbnail-4.jpg 250w, https:\/\/elcafedepipa.com\/wp-content\/uploads\/2025\/05\/GetAttachmentThumbnail-4-212x300.jpg 212w\" sizes=\"(max-width: 250px) 100vw, 250px\" \/><\/figure>\n","protected":false},"excerpt":{"rendered":"<p>L\u2019Ajuntament de la Vall d\u2019Uix\u00f3 est\u00e0 desenvolupant una important tasca de prevenci\u00f3 d\u2019addiccions en l\u2019\u00e0mbit educatiu i familiar, a trav\u00e9s de la campanya \u2018Parlem-ho\u2019, que dirigeix accions a alumnat, fam\u00edlies i docents. L\u2019objectiu \u00e9s que \u201cno siga un tema tab\u00fa ni ple d\u2019estereotips, sin\u00f3 que es puga parlar per a prevenir i trobar solucions\u201d, segons &#8230; <a title=\"L\u2019Ajuntament de la Vall d\u2019Uix\u00f3 prev\u00e9 les addiccions amb formaci\u00f3 en l\u2019\u00e0mbit escolar i familiar\" class=\"read-more\" href=\"https:\/\/elcafedepipa.com\/index.php\/2025\/05\/12\/lajuntament-de-la-vall-duixo-preve-les-addiccions-amb-formacio-en-lambit-escolar-i-familiar\/\" aria-label=\"M\u00e9s informaci\u00f3 sobre L\u2019Ajuntament de la Vall d\u2019Uix\u00f3 prev\u00e9 les addiccions amb formaci\u00f3 en l\u2019\u00e0mbit escolar i familiar\">Read more<\/a><\/p>\n","protected":false},"author":2,"featured_media":13802,"comment_status":"closed","ping_status":"closed","sticky":false,"template":"","format":"standard","meta":{"om_disable_all_campaigns":false,"_monsterinsights_skip_tracking":false,"_monsterinsights_sitenote_active":false,"_monsterinsights_sitenote_note":"","_monsterinsights_sitenote_category":0,"_uf_show_specific_survey":0,"_uf_disable_surveys":false,"footnotes":""},"categories":[2],"tags":[],"class_list":["post-13799","post","type-post","status-publish","format-standard","has-post-thumbnail","hentry","category-lavallduixo"],"_links":{"self":[{"href":"https:\/\/elcafedepipa.com\/index.php\/wp-json\/wp\/v2\/posts\/13799","targetHints":{"allow":["GET"]}}],"collection":[{"href":"https:\/\/elcafedepipa.com\/index.php\/wp-json\/wp\/v2\/posts"}],"about":[{"href":"https:\/\/elcafedepipa.com\/index.php\/wp-json\/wp\/v2\/types\/post"}],"author":[{"embeddable":true,"href":"https:\/\/elcafedepipa.com\/index.php\/wp-json\/wp\/v2\/users\/2"}],"replies":[{"embeddable":true,"href":"https:\/\/elcafedepipa.com\/index.php\/wp-json\/wp\/v2\/comments?post=13799"}],"version-history":[{"count":0,"href":"https:\/\/elcafedepipa.com\/index.php\/wp-json\/wp\/v2\/posts\/13799\/revisions"}],"wp:featuredmedia":[{"embeddable":true,"href":"https:\/\/elcafedepipa.com\/index.php\/wp-json\/wp\/v2\/media\/13802"}],"wp:attachment":[{"href":"https:\/\/elcafedepipa.com\/index.php\/wp-json\/wp\/v2\/media?parent=13799"}],"wp:term":[{"taxonomy":"category","embeddable":true,"href":"https:\/\/elcafedepipa.com\/index.php\/wp-json\/wp\/v2\/categories?post=13799"},{"taxonomy":"post_tag","embeddable":true,"href":"https:\/\/elcafedepipa.com\/index.php\/wp-json\/wp\/v2\/tags?post=13799"}],"curies":[{"name":"wp","href":"https:\/\/api.w.org\/{rel}","templated":true}]}}