{"id":13792,"date":"2025-05-09T14:42:59","date_gmt":"2025-05-09T12:42:59","guid":{"rendered":"https:\/\/elcafedepipa.com\/?p=13792"},"modified":"2025-05-09T14:43:00","modified_gmt":"2025-05-09T12:43:00","slug":"europa-transforma-la-vall-duixo-amb-mes-de-14-milions-deuros-en-projectes-de-transicio-ecologica-digitalitzacio-i-inclusio-social","status":"publish","type":"post","link":"https:\/\/elcafedepipa.com\/index.php\/2025\/05\/09\/europa-transforma-la-vall-duixo-amb-mes-de-14-milions-deuros-en-projectes-de-transicio-ecologica-digitalitzacio-i-inclusio-social\/","title":{"rendered":"Europa transforma la Vall d\u2019Uix\u00f3 amb m\u00e9s de 14 milions d\u2019euros en projectes de transici\u00f3 ecol\u00f2gica, digitalitzaci\u00f3 i inclusi\u00f3 social"},"content":{"rendered":"\n<p><strong>El finan\u00e7ament de la Uni\u00f3 Europea-Next Generation EU permet posar en marxa plans estrat\u00e8gics per al futur de la ciutat<\/strong> <\/p>\n\n\n\n<p>M\u00e9s de 14 milions d&#8217;euros finan\u00e7ats per la Uni\u00f3 Europea-Next Generation EU permeten posar en marxa projectes estrat\u00e8gics per a la ciutat en tres eixos: la transici\u00f3 ecol\u00f2gica, la digitalitzaci\u00f3 i la inclusi\u00f3 i cohesi\u00f3 social. Una \u201coportunitat hist\u00f2rica\u201d que l&#8217;Ajuntament ha aprofitat \u201cper fer avan\u00e7ar la ciutat i modernitzar-la, alineant-nos amb els ODS i l&#8217;Agenda 2030\u201d, tal com ha expressat l&#8217;alcaldessa, Tania Ba\u00f1os.<\/p>\n\n\n\n<p>Dins l&#8217;eix de transformaci\u00f3 digital, ja s&#8217;ha finalitzat la construcci\u00f3 del Centre de Transformaci\u00f3 Digital (595.425\u20ac), un espai de digitalitzaci\u00f3 de negocis i que aposta pel talent local amb la incubadora de projectes innovadors. A m\u00e9s, s&#8217;ha completat la instal\u00b7laci\u00f3 de fibra \u00f2ptica a tota la ciutat (229.571 \u20ac), fet que permet avan\u00e7ar en la idea de smart city i en el pla de govern de la dada per prendre decisions pol\u00edtiques a trav\u00e9s de l&#8217;an\u00e0lisi i la recollida d&#8217;informaci\u00f3.<\/p>\n\n\n\n<p>La sostenibilitat \u00e9s una altra de les prioritats. En aquest \u00e0mbit ja s&#8217;han instal\u00b7lat 150 contenidors nous de residus org\u00e0nics (117.190 \u20ac) i est\u00e0 a punt de finalitzar la segona fase del Cam\u00ed de l&#8217;Aigua (1.251.302 \u20ac), amb la creaci\u00f3 d&#8217;una zona de baixes emissions al Roser i el seu entorn. L&#8217;actuaci\u00f3 \u2013que ja va millorar el recorregut entre la pla\u00e7a del Centre i l&#8217;Assumpci\u00f3\u2013 garanteix l&#8217;accessibilitat i la pacificaci\u00f3 del tr\u00e0nsit.<\/p>\n\n\n\n<p>Tamb\u00e9 destaca la recuperaci\u00f3 de l&#8217;antiga F\u00e0brica de la Llum (2.001.722 \u20ac), les obres de la qual comencen aquest dilluns per convertir-la en un museu i millorar la connexi\u00f3 d&#8217;aquesta zona amb el Paratge de Sant Josep. A m\u00e9s, ja s&#8217;han adjudicat les obres d&#8217;excavaci\u00f3 del poblat iber (2.580.611 \u20ac), que ser\u00e0 la m\u00e9s gran de la seva hist\u00f2ria. Aquests dos projectes contribuiran a preservar el patrimoni hist\u00f2ric i potenciar el turisme sostenible.<\/p>\n\n\n\n<p>A l&#8217;eix de cohesi\u00f3 social i inclusi\u00f3 hi ha un dels projectes m\u00e9s ambiciosos: la regeneraci\u00f3 urbana de la Col\u00f2nia Sant Antoni (3.516.630 \u20ac), que est\u00e0 en execuci\u00f3 i permetr\u00e0 rehabilitar edificis, millorar l&#8217;accessibilitat i dignificar tot el barri. Tamb\u00e9 est\u00e0 en marxa l&#8217;ampliaci\u00f3 i la reforma de l&#8217;edifici de l&#8217;Ajuntament (3.939.388 \u20ac), amb l&#8217;objectiu de fer una administraci\u00f3 m\u00e9s accessible, eficient i propera a la ciutadania.<\/p>\n\n\n\n<p>L&#8217;Ajuntament de la Vall d&#8217;Uix\u00f3 ha aprofitat el dia d&#8217;Europa per donar tamb\u00e9 a con\u00e8ixer la nova marca i imatge de l&#8217;estrat\u00e8gia europea per als propers anys: VIVE La Vall.<br><\/p>\n\n\n\n<p><\/p>\n","protected":false},"excerpt":{"rendered":"<p>El finan\u00e7ament de la Uni\u00f3 Europea-Next Generation EU permet posar en marxa plans estrat\u00e8gics per al futur de la ciutat M\u00e9s de 14 milions d&#8217;euros finan\u00e7ats per la Uni\u00f3 Europea-Next Generation EU permeten posar en marxa projectes estrat\u00e8gics per a la ciutat en tres eixos: la transici\u00f3 ecol\u00f2gica, la digitalitzaci\u00f3 i la inclusi\u00f3 i cohesi\u00f3 &#8230; <a title=\"Europa transforma la Vall d\u2019Uix\u00f3 amb m\u00e9s de 14 milions d\u2019euros en projectes de transici\u00f3 ecol\u00f2gica, digitalitzaci\u00f3 i inclusi\u00f3 social\" class=\"read-more\" href=\"https:\/\/elcafedepipa.com\/index.php\/2025\/05\/09\/europa-transforma-la-vall-duixo-amb-mes-de-14-milions-deuros-en-projectes-de-transicio-ecologica-digitalitzacio-i-inclusio-social\/\" aria-label=\"M\u00e9s informaci\u00f3 sobre Europa transforma la Vall d\u2019Uix\u00f3 amb m\u00e9s de 14 milions d\u2019euros en projectes de transici\u00f3 ecol\u00f2gica, digitalitzaci\u00f3 i inclusi\u00f3 social\">Read more<\/a><\/p>\n","protected":false},"author":2,"featured_media":13793,"comment_status":"open","ping_status":"open","sticky":false,"template":"","format":"standard","meta":{"om_disable_all_campaigns":false,"_monsterinsights_skip_tracking":false,"_monsterinsights_sitenote_active":false,"_monsterinsights_sitenote_note":"","_monsterinsights_sitenote_category":0,"_uf_show_specific_survey":0,"_uf_disable_surveys":false,"footnotes":""},"categories":[1],"tags":[],"class_list":["post-13792","post","type-post","status-publish","format-standard","has-post-thumbnail","hentry","category-non-classe"],"_links":{"self":[{"href":"https:\/\/elcafedepipa.com\/index.php\/wp-json\/wp\/v2\/posts\/13792","targetHints":{"allow":["GET"]}}],"collection":[{"href":"https:\/\/elcafedepipa.com\/index.php\/wp-json\/wp\/v2\/posts"}],"about":[{"href":"https:\/\/elcafedepipa.com\/index.php\/wp-json\/wp\/v2\/types\/post"}],"author":[{"embeddable":true,"href":"https:\/\/elcafedepipa.com\/index.php\/wp-json\/wp\/v2\/users\/2"}],"replies":[{"embeddable":true,"href":"https:\/\/elcafedepipa.com\/index.php\/wp-json\/wp\/v2\/comments?post=13792"}],"version-history":[{"count":0,"href":"https:\/\/elcafedepipa.com\/index.php\/wp-json\/wp\/v2\/posts\/13792\/revisions"}],"wp:featuredmedia":[{"embeddable":true,"href":"https:\/\/elcafedepipa.com\/index.php\/wp-json\/wp\/v2\/media\/13793"}],"wp:attachment":[{"href":"https:\/\/elcafedepipa.com\/index.php\/wp-json\/wp\/v2\/media?parent=13792"}],"wp:term":[{"taxonomy":"category","embeddable":true,"href":"https:\/\/elcafedepipa.com\/index.php\/wp-json\/wp\/v2\/categories?post=13792"},{"taxonomy":"post_tag","embeddable":true,"href":"https:\/\/elcafedepipa.com\/index.php\/wp-json\/wp\/v2\/tags?post=13792"}],"curies":[{"name":"wp","href":"https:\/\/api.w.org\/{rel}","templated":true}]}}