{"id":13768,"date":"2025-05-09T09:52:09","date_gmt":"2025-05-09T07:52:09","guid":{"rendered":"https:\/\/elcafedepipa.com\/?p=13768"},"modified":"2025-05-09T09:52:10","modified_gmt":"2025-05-09T07:52:10","slug":"moncofa-en-el-podium-provincial-de-banderes-blaves","status":"publish","type":"post","link":"https:\/\/elcafedepipa.com\/index.php\/2025\/05\/09\/moncofa-en-el-podium-provincial-de-banderes-blaves\/","title":{"rendered":"Moncofa, en el p\u00f2dium provincial de banderes blaves"},"content":{"rendered":"\n<p>Les platges de Moncofa han revalidat les quatre Banderes Blaves i durant l&#8217;estiu de 2025 estos distintius onejaran a les platges de l\u2019Estanyol, Masb\u00f3, Pedra Roja i Grau. El regidor de Platges de l&#8217;Ajuntament de Moncofa, Francisco Alemany Sales, ha valorat este reconeixement de l&#8217;Associaci\u00f3 d&#8217;Educaci\u00f3 Ambiental i del Consumidor. L&#8217;edil ha apuntat que \u201cestem molt contents, \u00e9s el reconeixement al treball que desenvolupem durant tot l&#8217;any des de l&#8217;Ajuntament de Moncofa per a dotar les platges amb uns serveis i una atenci\u00f3 de qualitat per als nostres ve\u00efns i visitants\u201d. A la prov\u00edncia de Castell\u00f3 tan sols Benic\u00e0ssim, amb cinc distintius, supera Moncofa. En menys d&#8217;una d\u00e8cada, gr\u00e0cies al treball i a la gesti\u00f3 realitzada, Moncofa ha passat de comptar amb dos banderes blaves a quatre, que ara es consoliden any rere any.<\/p>\n\n\n\n<p>L&#8217;alcalde de Moncofa, Wences Al\u00f3s Valls, ha assenyalat que \u201ca estes banderes blaves se suma l&#8217;excel\u00b7lent qualitat de les aig\u00fces, corroborada per les an\u00e0lisis\u201d. El primer edil ha recordat que \u201c2024 va ser un any de<\/p>\n\n\n\n<p>\u201cbany excel\u00b7lent\u201d en les set platges de Moncofa: Pedra Roja, Grau, Masb\u00f3, Belcaire, La Torre, Beniesma i Estanyol. Aix\u00ed s&#8217;arreplega en l&#8217;informe que ha realitzat la Conselleria d&#8217;Agricultura, Ramaderia i Pesca, despr\u00e9s dels 365 mostrejos realitzats a les platges de Moncofa durant 2024.<\/p>\n\n\n\n<p>A les platges amb bandera blava i la m\u00e0xima qualitat de les aig\u00fces de bany, cal sumar el Sender Blau del Belcaire que permet passejar al costat del Mediterrani. A m\u00e9s, la platja canina ofereix un atractiu afegit per als visitants amb mascotes. I tot aix\u00f2 sense oblidar la programaci\u00f3 cultural, esportiva, festiva i d&#8217;oci que enguany s&#8217;ha activat amb la campanya \u201cPer Pasqua ja \u00e9s estiu a Moncofa\u201d i segueix i segueix fins que l&#8217;estiu s&#8217;acomiada al setembre.<\/p>\n","protected":false},"excerpt":{"rendered":"<p>Les platges de Moncofa han revalidat les quatre Banderes Blaves i durant l&#8217;estiu de 2025 estos distintius onejaran a les platges de l\u2019Estanyol, Masb\u00f3, Pedra Roja i Grau. El regidor de Platges de l&#8217;Ajuntament de Moncofa, Francisco Alemany Sales, ha valorat este reconeixement de l&#8217;Associaci\u00f3 d&#8217;Educaci\u00f3 Ambiental i del Consumidor. L&#8217;edil ha apuntat que \u201cestem &#8230; <a title=\"Moncofa, en el p\u00f2dium provincial de banderes blaves\" class=\"read-more\" href=\"https:\/\/elcafedepipa.com\/index.php\/2025\/05\/09\/moncofa-en-el-podium-provincial-de-banderes-blaves\/\" aria-label=\"M\u00e9s informaci\u00f3 sobre Moncofa, en el p\u00f2dium provincial de banderes blaves\">Read more<\/a><\/p>\n","protected":false},"author":2,"featured_media":13769,"comment_status":"closed","ping_status":"closed","sticky":false,"template":"","format":"standard","meta":{"om_disable_all_campaigns":false,"_monsterinsights_skip_tracking":false,"_monsterinsights_sitenote_active":false,"_monsterinsights_sitenote_note":"","_monsterinsights_sitenote_category":0,"_uf_show_specific_survey":0,"_uf_disable_surveys":false,"footnotes":""},"categories":[4],"tags":[],"class_list":["post-13768","post","type-post","status-publish","format-standard","has-post-thumbnail","hentry","category-moncofa"],"_links":{"self":[{"href":"https:\/\/elcafedepipa.com\/index.php\/wp-json\/wp\/v2\/posts\/13768","targetHints":{"allow":["GET"]}}],"collection":[{"href":"https:\/\/elcafedepipa.com\/index.php\/wp-json\/wp\/v2\/posts"}],"about":[{"href":"https:\/\/elcafedepipa.com\/index.php\/wp-json\/wp\/v2\/types\/post"}],"author":[{"embeddable":true,"href":"https:\/\/elcafedepipa.com\/index.php\/wp-json\/wp\/v2\/users\/2"}],"replies":[{"embeddable":true,"href":"https:\/\/elcafedepipa.com\/index.php\/wp-json\/wp\/v2\/comments?post=13768"}],"version-history":[{"count":0,"href":"https:\/\/elcafedepipa.com\/index.php\/wp-json\/wp\/v2\/posts\/13768\/revisions"}],"wp:featuredmedia":[{"embeddable":true,"href":"https:\/\/elcafedepipa.com\/index.php\/wp-json\/wp\/v2\/media\/13769"}],"wp:attachment":[{"href":"https:\/\/elcafedepipa.com\/index.php\/wp-json\/wp\/v2\/media?parent=13768"}],"wp:term":[{"taxonomy":"category","embeddable":true,"href":"https:\/\/elcafedepipa.com\/index.php\/wp-json\/wp\/v2\/categories?post=13768"},{"taxonomy":"post_tag","embeddable":true,"href":"https:\/\/elcafedepipa.com\/index.php\/wp-json\/wp\/v2\/tags?post=13768"}],"curies":[{"name":"wp","href":"https:\/\/api.w.org\/{rel}","templated":true}]}}