{"id":13758,"date":"2025-05-08T14:35:08","date_gmt":"2025-05-08T12:35:08","guid":{"rendered":"https:\/\/elcafedepipa.com\/?p=13758"},"modified":"2025-05-08T14:35:09","modified_gmt":"2025-05-08T12:35:09","slug":"el-pp-de-la-vall-es-reunix-amb-els-veins-de-san-jose-per-a-escoltar-les-seues-demandes-i-promoure-les-millores-que-resolguen-els-problemes","status":"publish","type":"post","link":"https:\/\/elcafedepipa.com\/index.php\/2025\/05\/08\/el-pp-de-la-vall-es-reunix-amb-els-veins-de-san-jose-per-a-escoltar-les-seues-demandes-i-promoure-les-millores-que-resolguen-els-problemes\/","title":{"rendered":"El PP de la Vall es reunix amb els ve\u00efns de San Jos\u00e9 per a escoltar les seues demandes i promoure les millores que resolguen els problemes"},"content":{"rendered":"\n<p>El Partit Popular de la Vall d&#8217;Uix\u00f3 ha mantingut esta setmana una trobada amb els ve\u00efns del barri San Jos\u00e9 de la localitat a fi d&#8217;escoltar les seues demandes, treballar en iniciatives i resoldre problemes que afecten este entorn residencial del municipi.<\/p>\n\n\n\n<p>Amb la participaci\u00f3 de diversos membres de l&#8217;associaci\u00f3, \u201chem pres nota d&#8217;all\u00f2 que els preocupa per a treballar propostes i elevar-les al ple en defensa de les solucions m\u00e9s oportunes\u201d, tal com ha explicat el portaveu del PP, Herminio Serra. Des de la millora de la seguretat en la carretera que dona acc\u00e9s a l&#8217;entorn residencial, fins al necessari refor\u00e7 en la conservaci\u00f3 i manteniment dels espais i equipaments p\u00fablics, els ve\u00efns demanden aix\u00ed mateix incrementar alguns servicis b\u00e0sics.<\/p>\n\n\n\n<p>\u201cSi podem treballar a resoldre problemes, eixa \u00e9s la nostra obligaci\u00f3 i en aix\u00f2 ens obstinarem\u201d, ha manifestat Herminio Serra, qui ha estat acompanyat per altres regidors del Grup Municipal del PP en la Vall.<\/p>\n\n\n\n<p>Cal assenyalar que la trobada mantinguda amb els residents d&#8217;este barri de ve\u00efns forma part de la ronda de trobades que mant\u00e9 de manera peri\u00f2dica el Partit Popular a fi de \u201cescoltar les necessitats dels ciutadans i treballar en les respostes que garantisquen l&#8217;atenci\u00f3 de les seues demandes i la resoluci\u00f3 dels seus problemes. El nostre comprom\u00eds est\u00e0 amb els ciutadans, a peu de carrer, no en els despatxos\u201d, ha concl\u00f2s Serra.<\/p>\n\n\n\n<p><\/p>\n","protected":false},"excerpt":{"rendered":"<p>El Partit Popular de la Vall d&#8217;Uix\u00f3 ha mantingut esta setmana una trobada amb els ve\u00efns del barri San Jos\u00e9 de la localitat a fi d&#8217;escoltar les seues demandes, treballar en iniciatives i resoldre problemes que afecten este entorn residencial del municipi. Amb la participaci\u00f3 de diversos membres de l&#8217;associaci\u00f3, \u201chem pres nota d&#8217;all\u00f2 que &#8230; <a title=\"El PP de la Vall es reunix amb els ve\u00efns de San Jos\u00e9 per a escoltar les seues demandes i promoure les millores que resolguen els problemes\" class=\"read-more\" href=\"https:\/\/elcafedepipa.com\/index.php\/2025\/05\/08\/el-pp-de-la-vall-es-reunix-amb-els-veins-de-san-jose-per-a-escoltar-les-seues-demandes-i-promoure-les-millores-que-resolguen-els-problemes\/\" aria-label=\"M\u00e9s informaci\u00f3 sobre El PP de la Vall es reunix amb els ve\u00efns de San Jos\u00e9 per a escoltar les seues demandes i promoure les millores que resolguen els problemes\">Read more<\/a><\/p>\n","protected":false},"author":2,"featured_media":13759,"comment_status":"closed","ping_status":"closed","sticky":false,"template":"","format":"standard","meta":{"om_disable_all_campaigns":false,"_monsterinsights_skip_tracking":false,"_monsterinsights_sitenote_active":false,"_monsterinsights_sitenote_note":"","_monsterinsights_sitenote_category":0,"_uf_show_specific_survey":0,"_uf_disable_surveys":false,"footnotes":""},"categories":[2],"tags":[],"class_list":["post-13758","post","type-post","status-publish","format-standard","has-post-thumbnail","hentry","category-lavallduixo"],"_links":{"self":[{"href":"https:\/\/elcafedepipa.com\/index.php\/wp-json\/wp\/v2\/posts\/13758","targetHints":{"allow":["GET"]}}],"collection":[{"href":"https:\/\/elcafedepipa.com\/index.php\/wp-json\/wp\/v2\/posts"}],"about":[{"href":"https:\/\/elcafedepipa.com\/index.php\/wp-json\/wp\/v2\/types\/post"}],"author":[{"embeddable":true,"href":"https:\/\/elcafedepipa.com\/index.php\/wp-json\/wp\/v2\/users\/2"}],"replies":[{"embeddable":true,"href":"https:\/\/elcafedepipa.com\/index.php\/wp-json\/wp\/v2\/comments?post=13758"}],"version-history":[{"count":0,"href":"https:\/\/elcafedepipa.com\/index.php\/wp-json\/wp\/v2\/posts\/13758\/revisions"}],"wp:featuredmedia":[{"embeddable":true,"href":"https:\/\/elcafedepipa.com\/index.php\/wp-json\/wp\/v2\/media\/13759"}],"wp:attachment":[{"href":"https:\/\/elcafedepipa.com\/index.php\/wp-json\/wp\/v2\/media?parent=13758"}],"wp:term":[{"taxonomy":"category","embeddable":true,"href":"https:\/\/elcafedepipa.com\/index.php\/wp-json\/wp\/v2\/categories?post=13758"},{"taxonomy":"post_tag","embeddable":true,"href":"https:\/\/elcafedepipa.com\/index.php\/wp-json\/wp\/v2\/tags?post=13758"}],"curies":[{"name":"wp","href":"https:\/\/api.w.org\/{rel}","templated":true}]}}