{"id":13721,"date":"2025-05-10T10:40:00","date_gmt":"2025-05-10T08:40:00","guid":{"rendered":"https:\/\/elcafedepipa.com\/?p=13721"},"modified":"2025-05-08T10:25:01","modified_gmt":"2025-05-08T08:25:01","slug":"la-ue-continua-passiva-malgrat-una-nova-pujada-del-2-en-les-alertes-europees-de-fruites-i-hortalisses-importades-amb-materies-actives-no-autoritzades-aci","status":"publish","type":"post","link":"https:\/\/elcafedepipa.com\/index.php\/2025\/05\/10\/la-ue-continua-passiva-malgrat-una-nova-pujada-del-2-en-les-alertes-europees-de-fruites-i-hortalisses-importades-amb-materies-actives-no-autoritzades-aci\/","title":{"rendered":"La UE continua passiva malgrat una nova pujada del 2% en les alertes europees de fruites i hortalisses importades amb mat\u00e8ries actives no autoritzades ac\u00ed"},"content":{"rendered":"\n<p>La Uni\u00f3 Europea segueix sense moure fitxa malgrat que les dades del sistema europeu d&#8217;alertes en aliments reflecteixen que en els quatre primers mesos de l&#8217;any hi ha hagut un nou increment del 2% en les intercepcions de fruites i hortalisses de pa\u00efsos tercers amb mat\u00e8ries actives no autoritzades o amb un LMR superior al perm\u00e9s a la UE, segons denuncia LA UNI\u00d3.<\/p>\n\n\n\n<p>De les 304 intercepcions de 2024 s&#8217;ha passat a les 311 d&#8217;enguany i tot aix\u00f2 Malgrat que a l\u2019abril han descendit. La comparativa revela que lluny de disminuir la situaci\u00f3 va a l&#8217;al\u00e7a davant la passivitat de les autoritats comunit\u00e0ries que no fan res per evitar-ho malgrat la confirmaci\u00f3 de les seues pr\u00f2pies dades oficials i les den\u00fancies continuades de LA UNI\u00d3.<\/p>\n\n\n\n<p>Despr\u00e9s d&#8217;una an\u00e0lisi de les mat\u00e8ries actives rebutjades es conclou que totes tenen un \u00fas no autoritzat per als productors de la Uni\u00f3 Europea o superen el L\u00edmit M\u00e0xim de Residus autoritzat a la UE, per la qual cosa es tracta d&#8217;una clara compet\u00e8ncia deslleial i un potencial perill sanitari per a les persones consumidores.<\/p>\n\n\n\n<p>LA UNI\u00d3 ressalta d&#8217;aquest quadrimestre l&#8217;augment de les alertes d&#8217;un producte emergent en el camp valenci\u00e0 com \u00e9s l&#8217;alvocat. De 3 alertes en 2024 s&#8217;ha arribat fins a les 7 d&#8217;aquest 2025, cosa que significa un increment del 133%, tots ells per \u00fas abusiu de cadmi des del Per\u00fa, principal pa\u00eds exportador d&#8217;alvocats al mercat comunitari, seguit del Marroc. Precisament, LA UNI\u00d3 denunciava fa unes setmanes que l&#8217;augment de les importacions d&#8217;alvocats estava llastrant els preus que rebien els productors valencians. Per aix\u00f2, resulta paradoxal que mentre la Comissi\u00f3 Europea porta reduint l&#8217;\u00fas de cadmi en els fertilitzants fosfatats, des de pa\u00efsos tercers es continue enviant productes agroalimentaris amb eixa mat\u00e8ria activa.<\/p>\n\n\n\n<p>L&#8217;organitzaci\u00f3 proposa de nou a la Comissi\u00f3 Europea un augment al 50% del control d&#8217;identitat i f\u00edsics a les fruites i hortalisses dels pa\u00efsos amb major nombre d&#8217;intercepcions. Reclama aix\u00ed mateix que s&#8217;amplie el per\u00edode d&#8217;aquestes mesures a un any. Si durant qualsevol dels mesos d&#8217;aquest per\u00edode, s&#8217;observa un increment del 5% de les alertes en algun producte, l&#8217;organitzaci\u00f3 planteja el tancament de les importacions d&#8217;aquests pa\u00efsos i dels productes agr\u00edcoles amb restes de pesticides no autoritzats a la UE o que superen els LMR establits.<\/p>\n\n\n\n<p>LA UNI\u00d3 insisteix en la necessitat d&#8217;establir mecanismes de reciprocitat en els est\u00e0ndards de producci\u00f3 entre els productes importats i europeus. \u201cDesconeixem la situaci\u00f3 de les cl\u00e0usules espill, ja quasi oblidades, ni tampoc de cap mena de comprom\u00eds sobre la reducci\u00f3 de mat\u00e8ries actives en tercers pa\u00efsos com es duu a terme a la Uni\u00f3 Europea\u201d, indica el secretari general de LA UNI\u00d3, Carles Peris.<\/p>\n\n\n\n<p>Peris assenyala que \u201cles autoritats comunit\u00e0ries haurien de plantejar-se la seua pol\u00edtica de reducci\u00f3 de mat\u00e8ries actives sense alternatives per als llauradors per a lluitar contra plagues o malalties, mentre no siga capa\u00e7 d&#8217;obligar al fet que els productes importats arriben en les mateixes condicions. Si determinades subst\u00e0ncies o productes fitosanitaris s\u00f3n dolentes ac\u00ed per als consumidors, tamb\u00e9 haurien de ser les que ens entren amb els productes importats\u201d.<\/p>\n\n\n\n<p>LA UNI\u00d3 reitera que els productes importats complisquen amb els mateixos est\u00e0ndards de producci\u00f3 que els que s&#8217;exigeix als llauradors europeus. \u201cNosaltres fem veritables esfor\u00e7os en la reducci\u00f3 de l&#8217;\u00fas de pesticides que ens han provocat m\u00e9s dificultats per a controlar les plagues i majors costos productius que hem d&#8217;assumir, mentre els productes importats entren sense respectar els est\u00e0ndards productius que ens exigeixen les autoritats de la Comissi\u00f3 Europea\u201d, afirma LA UNI\u00d3.<\/p>\n","protected":false},"excerpt":{"rendered":"<p>La Uni\u00f3 Europea segueix sense moure fitxa malgrat que les dades del sistema europeu d&#8217;alertes en aliments reflecteixen que en els quatre primers mesos de l&#8217;any hi ha hagut un nou increment del 2% en les intercepcions de fruites i hortalisses de pa\u00efsos tercers amb mat\u00e8ries actives no autoritzades o amb un LMR superior al &#8230; <a title=\"La UE continua passiva malgrat una nova pujada del 2% en les alertes europees de fruites i hortalisses importades amb mat\u00e8ries actives no autoritzades ac\u00ed\" class=\"read-more\" href=\"https:\/\/elcafedepipa.com\/index.php\/2025\/05\/10\/la-ue-continua-passiva-malgrat-una-nova-pujada-del-2-en-les-alertes-europees-de-fruites-i-hortalisses-importades-amb-materies-actives-no-autoritzades-aci\/\" aria-label=\"M\u00e9s informaci\u00f3 sobre La UE continua passiva malgrat una nova pujada del 2% en les alertes europees de fruites i hortalisses importades amb mat\u00e8ries actives no autoritzades ac\u00ed\">Read more<\/a><\/p>\n","protected":false},"author":2,"featured_media":13722,"comment_status":"closed","ping_status":"closed","sticky":false,"template":"","format":"standard","meta":{"om_disable_all_campaigns":false,"_monsterinsights_skip_tracking":false,"_monsterinsights_sitenote_active":false,"_monsterinsights_sitenote_note":"","_monsterinsights_sitenote_category":0,"_uf_show_specific_survey":0,"_uf_disable_surveys":false,"footnotes":""},"categories":[11],"tags":[],"class_list":["post-13721","post","type-post","status-publish","format-standard","has-post-thumbnail","hentry","category-comunitatvalenciana"],"_links":{"self":[{"href":"https:\/\/elcafedepipa.com\/index.php\/wp-json\/wp\/v2\/posts\/13721","targetHints":{"allow":["GET"]}}],"collection":[{"href":"https:\/\/elcafedepipa.com\/index.php\/wp-json\/wp\/v2\/posts"}],"about":[{"href":"https:\/\/elcafedepipa.com\/index.php\/wp-json\/wp\/v2\/types\/post"}],"author":[{"embeddable":true,"href":"https:\/\/elcafedepipa.com\/index.php\/wp-json\/wp\/v2\/users\/2"}],"replies":[{"embeddable":true,"href":"https:\/\/elcafedepipa.com\/index.php\/wp-json\/wp\/v2\/comments?post=13721"}],"version-history":[{"count":0,"href":"https:\/\/elcafedepipa.com\/index.php\/wp-json\/wp\/v2\/posts\/13721\/revisions"}],"wp:featuredmedia":[{"embeddable":true,"href":"https:\/\/elcafedepipa.com\/index.php\/wp-json\/wp\/v2\/media\/13722"}],"wp:attachment":[{"href":"https:\/\/elcafedepipa.com\/index.php\/wp-json\/wp\/v2\/media?parent=13721"}],"wp:term":[{"taxonomy":"category","embeddable":true,"href":"https:\/\/elcafedepipa.com\/index.php\/wp-json\/wp\/v2\/categories?post=13721"},{"taxonomy":"post_tag","embeddable":true,"href":"https:\/\/elcafedepipa.com\/index.php\/wp-json\/wp\/v2\/tags?post=13721"}],"curies":[{"name":"wp","href":"https:\/\/api.w.org\/{rel}","templated":true}]}}