{"id":13685,"date":"2025-05-07T11:07:51","date_gmt":"2025-05-07T09:07:51","guid":{"rendered":"https:\/\/elcafedepipa.com\/?p=13685"},"modified":"2025-05-07T11:07:51","modified_gmt":"2025-05-07T09:07:51","slug":"el-pp-denuncia-5-mesos-de-retard-en-la-finalitzacio-de-les-obres-del-cami-de-laigua-del-roser","status":"publish","type":"post","link":"https:\/\/elcafedepipa.com\/index.php\/2025\/05\/07\/el-pp-denuncia-5-mesos-de-retard-en-la-finalitzacio-de-les-obres-del-cami-de-laigua-del-roser\/","title":{"rendered":"El PP denuncia 5 mesos de retard en la finalitzaci\u00f3 de les obres del Cam\u00ed de l\u2019Aigua del Roser."},"content":{"rendered":"\n<p>El Partit Popular de la Vall d\u2019Uix\u00f3 ha demanat a l\u2019alcaldessa de la Vall, Tania Ba\u00f1os, que concrete el calendari de les obres del Cam\u00ed de l\u2019Aigua del barri Roser, que haurien d\u2019haver concl\u00f2s al desembre de l\u2019any passat. \u201cEs tracta d\u2019una inversi\u00f3 que tenia un termini de set mesos i que en aquests moments acumula un retard de m\u00e9s de cinc mesos. Demanem explicacions perqu\u00e8 els residents estan cansats\u201d.<\/p>\n\n\n\n<p>Marga Marco, regidora del PP a la Vall d\u2019Uix\u00f3, ha comparegut davant els mitjans de comunicaci\u00f3 per reclamar \u201cfets\u201d. \u201cAquest projecte, que ha patit constants retards, continua hui sense estar culminat. I els ve\u00efns, en la seua major part gent major, han de conviure amb rases obertes, tanques i obstacles. Tot aix\u00f2 s\u00f3n inconvenients per a ciutadans la mobilitat dels quals \u00e9s, en ocasions, limitada\u201d.<\/p>\n\n\n\n<p>Per aquest motiu, explica Marco, \u201cdemanem a l\u2019alcaldessa que comparega i done la cara davant els ve\u00efns. A m\u00e9s de les condicions amb qu\u00e8 han de conviure, els residents pateixen mol\u00e8sties i barreres que ja haurien d\u2019haver-se resolt fa temps. Per\u00f2 les solucions continuen sense arribar\u201d, lamenta la regidora del PP a la localitat.<\/p>\n\n\n\n<p>Els ve\u00efns ja van haver de suportar l\u2019estiu passat, durant 20 dies, les aig\u00fces fecals vessades al carrer, amb els problemes d\u2019olors i salubritat que aix\u00f2 comporta. A m\u00e9s, \u201cens consta que s\u2019han presentat reclamacions ve\u00efnals per escrit, fins i tot amb actes notarials adjuntes, que no han sigut ateses\u201d.<\/p>\n\n\n\n<p>\u00c9s per aix\u00f2 que el PP demana a l\u2019alcaldessa que es pronuncie. \u201cEntenem que l\u2019execuci\u00f3 d\u2019una obra sempre comporta inconvenients. Per\u00f2 en aquest cas \u00e9s especialment greu. A la paralitzaci\u00f3 de les obres patida l\u2019estiu passat, s\u2019hi suma ara el retard en l\u2019execuci\u00f3 del pla d\u2019inversions. Demanem solucions, perqu\u00e8 els residents mereixen m\u00e9s sensibilitat per part d\u2019una alcaldessa m\u00e9s centrada en fer carrera pol\u00edtica que en prestar servei als seus ve\u00efns\u201d, ha indicat Marco.<\/p>\n\n\n\n<p>\u201cSi l\u2019alcaldessa va ser tan efica\u00e7 per repartir, durant la campanya electoral de les passades eleccions europees, un comprom\u00eds amb dates per escrit, ara ha de donar la cara i complir\u201d, ha concl\u00f2s la regidora.<\/p>\n\n\n\n<p><\/p>\n","protected":false},"excerpt":{"rendered":"<p>El Partit Popular de la Vall d\u2019Uix\u00f3 ha demanat a l\u2019alcaldessa de la Vall, Tania Ba\u00f1os, que concrete el calendari de les obres del Cam\u00ed de l\u2019Aigua del barri Roser, que haurien d\u2019haver concl\u00f2s al desembre de l\u2019any passat. \u201cEs tracta d\u2019una inversi\u00f3 que tenia un termini de set mesos i que en aquests moments &#8230; <a title=\"El PP denuncia 5 mesos de retard en la finalitzaci\u00f3 de les obres del Cam\u00ed de l\u2019Aigua del Roser.\" class=\"read-more\" href=\"https:\/\/elcafedepipa.com\/index.php\/2025\/05\/07\/el-pp-denuncia-5-mesos-de-retard-en-la-finalitzacio-de-les-obres-del-cami-de-laigua-del-roser\/\" aria-label=\"M\u00e9s informaci\u00f3 sobre El PP denuncia 5 mesos de retard en la finalitzaci\u00f3 de les obres del Cam\u00ed de l\u2019Aigua del Roser.\">Read more<\/a><\/p>\n","protected":false},"author":2,"featured_media":13686,"comment_status":"closed","ping_status":"closed","sticky":false,"template":"","format":"standard","meta":{"om_disable_all_campaigns":false,"_monsterinsights_skip_tracking":false,"_monsterinsights_sitenote_active":false,"_monsterinsights_sitenote_note":"","_monsterinsights_sitenote_category":0,"_uf_show_specific_survey":0,"_uf_disable_surveys":false,"footnotes":""},"categories":[2],"tags":[],"class_list":["post-13685","post","type-post","status-publish","format-standard","has-post-thumbnail","hentry","category-lavallduixo"],"_links":{"self":[{"href":"https:\/\/elcafedepipa.com\/index.php\/wp-json\/wp\/v2\/posts\/13685","targetHints":{"allow":["GET"]}}],"collection":[{"href":"https:\/\/elcafedepipa.com\/index.php\/wp-json\/wp\/v2\/posts"}],"about":[{"href":"https:\/\/elcafedepipa.com\/index.php\/wp-json\/wp\/v2\/types\/post"}],"author":[{"embeddable":true,"href":"https:\/\/elcafedepipa.com\/index.php\/wp-json\/wp\/v2\/users\/2"}],"replies":[{"embeddable":true,"href":"https:\/\/elcafedepipa.com\/index.php\/wp-json\/wp\/v2\/comments?post=13685"}],"version-history":[{"count":0,"href":"https:\/\/elcafedepipa.com\/index.php\/wp-json\/wp\/v2\/posts\/13685\/revisions"}],"wp:featuredmedia":[{"embeddable":true,"href":"https:\/\/elcafedepipa.com\/index.php\/wp-json\/wp\/v2\/media\/13686"}],"wp:attachment":[{"href":"https:\/\/elcafedepipa.com\/index.php\/wp-json\/wp\/v2\/media?parent=13685"}],"wp:term":[{"taxonomy":"category","embeddable":true,"href":"https:\/\/elcafedepipa.com\/index.php\/wp-json\/wp\/v2\/categories?post=13685"},{"taxonomy":"post_tag","embeddable":true,"href":"https:\/\/elcafedepipa.com\/index.php\/wp-json\/wp\/v2\/tags?post=13685"}],"curies":[{"name":"wp","href":"https:\/\/api.w.org\/{rel}","templated":true}]}}