{"id":13682,"date":"2025-05-07T10:58:54","date_gmt":"2025-05-07T08:58:54","guid":{"rendered":"https:\/\/elcafedepipa.com\/?p=13682"},"modified":"2025-05-07T10:58:55","modified_gmt":"2025-05-07T08:58:55","slug":"la-vall-duixo-se-suma-a-lany-maria-beneyto-amb-una-programacio-cultural-per-posar-en-valor-la-seua-figura","status":"publish","type":"post","link":"https:\/\/elcafedepipa.com\/index.php\/2025\/05\/07\/la-vall-duixo-se-suma-a-lany-maria-beneyto-amb-una-programacio-cultural-per-posar-en-valor-la-seua-figura\/","title":{"rendered":"La Vall d\u2019Uix\u00f3 se suma a l\u2019Any Maria Beneyto amb una programaci\u00f3 cultural per posar en valor la seua figura"},"content":{"rendered":"\n<p>L\u2019Ajuntament de la Vall d\u2019Uix\u00f3, a trav\u00e9s de la Regidoria de Cultura, ha anunciat la seua adhesi\u00f3 a la celebraci\u00f3 de l\u2019Any Maria Beneyto, declarat per l\u2019Acad\u00e8mia Valenciana de la Llengua per commemorar i posar en valor la traject\u00f2ria d\u2019aquesta destacada autora de les lletres valencianes contempor\u00e0nies. El regidor de Cultura, Jorge Marqu\u00e9s, ha remarcat el comprom\u00eds municipal \u201camb la difusi\u00f3 de la cultura i la literatura valenciana, especialment d\u2019aquelles figures que han estat clau per entendre la hist\u00f2ria recent de la nostra literatura\u201d.<\/p>\n\n\n\n<p>\u201cCom b\u00e9 sabeu, l\u2019any passat, 2024, va ser l\u2019any de Vicent Andr\u00e9s Estell\u00e9s i enguany ho \u00e9s de Maria Beneyto\u201d, ha recordat Marqu\u00e9s, qui ha destacat que \u201c\u00e9s una de les exponents m\u00e9s importants de les lletres valencianes contempor\u00e0nies\u201d. Maria Beneyto va viure en un context de censura, un moment \u201cmolt complicat per a la narrativa i l\u2019expressi\u00f3 escrita, especialment per a una dona, i tot i aix\u00f2 va ser capa\u00e7 de donar llum, trencar estereotips i consolidar una carrera mitjan\u00e7ant les lletres\u201d.<\/p>\n\n\n\n<p>Aix\u00ed, va escriure tant en valenci\u00e0 com en castell\u00e0 i \u00e9s considerada una figura essencial en el panorama literari valenci\u00e0 del segle XX. \u201cVa ser una autora trencadora, valenta i fidel a la seua veu en un context advers i enguany celebrem el seu any amb una programaci\u00f3 que comen\u00e7ar\u00e0 a intensificar-se a partir del mes de maig a la nostra localitat\u201d, ha anunciat el regidor.<\/p>\n\n\n\n<p>Durant este mes, la Biblioteca Municipal acollir\u00e0 un espai especial titulat Dones: Femen\u00ed Plural, on estaran disponibles totes les obres de Maria Beneyto perqu\u00e8 la ciutadania puga acostar-se a la seua producci\u00f3 liter\u00e0ria. A m\u00e9s, del 8 al 15 de maig es podr\u00e0 visitar l\u2019exposici\u00f3 itinerant Maria Beneyto: Vida ferida de lletra, organitzada per l\u2019Acad\u00e8mia Valenciana de la Llengua, que permetr\u00e0 con\u00e9ixer de prop les seues viv\u00e8ncies i la seua obra.<\/p>\n\n\n\n<p>Com a acte central, el 21 de maig a les 18.30 hores tindr\u00e0 lloc a la sala de confer\u00e8ncies de la Biblioteca Municipal una xarrada amb Josep Ballester, encarregat de l\u2019exposici\u00f3, qui aprofundir\u00e0 en la figura de Maria Beneyto, la seua literatura i el seu llegat en el context valenci\u00e0 i feminista. De cara al pr\u00f2xim curs escolar, Marqu\u00e9s ha afegit que \u201ca partir de setembre estem preparant un lot de llibres per a prestar als instituts de la nostra localitat perqu\u00e8 coneguen aquesta figura liter\u00e0ria valenciana\u201d.<\/p>\n\n\n\n<p>El regidor ha volgut cloure les seues declaracions subratllant la vig\u00e8ncia del missatge i la traject\u00f2ria de l\u2019autora: \u201cMaria Beneyto va significar llum durant els temps que corrien al territori valenci\u00e0 i pot significar llum tamb\u00e9 a l\u2019actualitat per a totes aquelles persones que descobrisquen la seua vida, la seua traject\u00f2ria i la seua producci\u00f3 liter\u00e0ria\u201d.<\/p>\n","protected":false},"excerpt":{"rendered":"<p>L\u2019Ajuntament de la Vall d\u2019Uix\u00f3, a trav\u00e9s de la Regidoria de Cultura, ha anunciat la seua adhesi\u00f3 a la celebraci\u00f3 de l\u2019Any Maria Beneyto, declarat per l\u2019Acad\u00e8mia Valenciana de la Llengua per commemorar i posar en valor la traject\u00f2ria d\u2019aquesta destacada autora de les lletres valencianes contempor\u00e0nies. El regidor de Cultura, Jorge Marqu\u00e9s, ha remarcat &#8230; <a title=\"La Vall d\u2019Uix\u00f3 se suma a l\u2019Any Maria Beneyto amb una programaci\u00f3 cultural per posar en valor la seua figura\" class=\"read-more\" href=\"https:\/\/elcafedepipa.com\/index.php\/2025\/05\/07\/la-vall-duixo-se-suma-a-lany-maria-beneyto-amb-una-programacio-cultural-per-posar-en-valor-la-seua-figura\/\" aria-label=\"M\u00e9s informaci\u00f3 sobre La Vall d\u2019Uix\u00f3 se suma a l\u2019Any Maria Beneyto amb una programaci\u00f3 cultural per posar en valor la seua figura\">Read more<\/a><\/p>\n","protected":false},"author":2,"featured_media":13683,"comment_status":"closed","ping_status":"closed","sticky":false,"template":"","format":"standard","meta":{"om_disable_all_campaigns":false,"_monsterinsights_skip_tracking":false,"_monsterinsights_sitenote_active":false,"_monsterinsights_sitenote_note":"","_monsterinsights_sitenote_category":0,"_uf_show_specific_survey":0,"_uf_disable_surveys":false,"footnotes":""},"categories":[2],"tags":[],"class_list":["post-13682","post","type-post","status-publish","format-standard","has-post-thumbnail","hentry","category-lavallduixo"],"_links":{"self":[{"href":"https:\/\/elcafedepipa.com\/index.php\/wp-json\/wp\/v2\/posts\/13682","targetHints":{"allow":["GET"]}}],"collection":[{"href":"https:\/\/elcafedepipa.com\/index.php\/wp-json\/wp\/v2\/posts"}],"about":[{"href":"https:\/\/elcafedepipa.com\/index.php\/wp-json\/wp\/v2\/types\/post"}],"author":[{"embeddable":true,"href":"https:\/\/elcafedepipa.com\/index.php\/wp-json\/wp\/v2\/users\/2"}],"replies":[{"embeddable":true,"href":"https:\/\/elcafedepipa.com\/index.php\/wp-json\/wp\/v2\/comments?post=13682"}],"version-history":[{"count":0,"href":"https:\/\/elcafedepipa.com\/index.php\/wp-json\/wp\/v2\/posts\/13682\/revisions"}],"wp:featuredmedia":[{"embeddable":true,"href":"https:\/\/elcafedepipa.com\/index.php\/wp-json\/wp\/v2\/media\/13683"}],"wp:attachment":[{"href":"https:\/\/elcafedepipa.com\/index.php\/wp-json\/wp\/v2\/media?parent=13682"}],"wp:term":[{"taxonomy":"category","embeddable":true,"href":"https:\/\/elcafedepipa.com\/index.php\/wp-json\/wp\/v2\/categories?post=13682"},{"taxonomy":"post_tag","embeddable":true,"href":"https:\/\/elcafedepipa.com\/index.php\/wp-json\/wp\/v2\/tags?post=13682"}],"curies":[{"name":"wp","href":"https:\/\/api.w.org\/{rel}","templated":true}]}}