{"id":13548,"date":"2025-05-04T10:00:00","date_gmt":"2025-05-04T08:00:00","guid":{"rendered":"https:\/\/elcafedepipa.com\/?p=13548"},"modified":"2025-05-02T14:08:14","modified_gmt":"2025-05-02T12:08:14","slug":"el-pp-de-cabanes-demana-al-psoe-i-compromis-optar-als-530-000-euros-que-el-consell-convoca-per-a-reparar-els-camins-rurals","status":"publish","type":"post","link":"https:\/\/elcafedepipa.com\/index.php\/2025\/05\/04\/el-pp-de-cabanes-demana-al-psoe-i-compromis-optar-als-530-000-euros-que-el-consell-convoca-per-a-reparar-els-camins-rurals\/","title":{"rendered":"El PP de Cabanes demana al PSOE i Comprom\u00eds optar als 530.000 euros que el Consell convoca per a reparar els camins rurals."},"content":{"rendered":"\n<p>El Partit Popular de Cabanes ha fet una crida a l&#8217;alcaldessa socialista de Cabanes perqu\u00e8, junt amb el seu soci de Comprom\u00eds, no deixen passar la convocat\u00f2ria d&#8217;ajudes llan\u00e7ada per la Conselleria d&#8217;Agricultura per a reparar camins rurals en el terme municipal.<\/p>\n\n\n\n<p>L&#8217;ordre, dotada amb 530.000 euros, pret\u00e9n millorar i posar a punt aquestes connexions \u201cque s\u00f3n vitals per a la nostra poblaci\u00f3. Tenim una base agr\u00edcola innegable que no podem abandonar\u201d. En aquest sentit, ha assenyalat la portaveu del PP a la localitat de la Plana Alta, Luc\u00eda Garc\u00eda, \u201cno hem de perdre aquesta convocat\u00f2ria perqu\u00e8 ens poden subvencionar fins al 80% de la inversi\u00f3 que fem\u201d.<\/p>\n\n\n\n<p>Cal assenyalar, tal com relata la regidora del PP a Cabanes, que \u201chi ha molt per fer\u201d. \u201cHi ha camins, com el de Les Santes, que necessiten un acondicionament i millora evidents. I hem de treballar per a posar-los a punt perqu\u00e8 com m\u00e9s degradats estiguen, m\u00e9s costosa ser\u00e0 la seua reparaci\u00f3\u201d.<\/p>\n\n\n\n<p>Tinguent en compte que els camins rurals \u201cs\u00f3n enlla\u00e7os i connexions di\u00e0ries per a molts ve\u00efns que treballen al camp\u201d, des del PP \u201cofereixem el nostre comprom\u00eds, suport i treball per a donar soluci\u00f3 als problemes i garantir la inversi\u00f3 que assegure un estat \u00f2ptim dels mateixos\u201d.<\/p>\n\n\n\n<p>L&#8217;ordre, que fixa per a finals de mes el termini m\u00e0xim per sol\u00b7licitar aquests fons, permet inversions de fins a 180.000 euros que \u201cserien subvencionades fins al 80%. Hem d\u2019anar a m\u00e0xims perqu\u00e8 cada euro invertit en aquestes infraestructures \u00e9s un euro guanyat per als ve\u00efns que cada dia s\u2019esforcen a les nostres zones de cultiu\u201d, ha considerat Garc\u00eda.<\/p>\n","protected":false},"excerpt":{"rendered":"<p>El Partit Popular de Cabanes ha fet una crida a l&#8217;alcaldessa socialista de Cabanes perqu\u00e8, junt amb el seu soci de Comprom\u00eds, no deixen passar la convocat\u00f2ria d&#8217;ajudes llan\u00e7ada per la Conselleria d&#8217;Agricultura per a reparar camins rurals en el terme municipal. L&#8217;ordre, dotada amb 530.000 euros, pret\u00e9n millorar i posar a punt aquestes connexions &#8230; <a title=\"El PP de Cabanes demana al PSOE i Comprom\u00eds optar als 530.000 euros que el Consell convoca per a reparar els camins rurals.\" class=\"read-more\" href=\"https:\/\/elcafedepipa.com\/index.php\/2025\/05\/04\/el-pp-de-cabanes-demana-al-psoe-i-compromis-optar-als-530-000-euros-que-el-consell-convoca-per-a-reparar-els-camins-rurals\/\" aria-label=\"M\u00e9s informaci\u00f3 sobre El PP de Cabanes demana al PSOE i Comprom\u00eds optar als 530.000 euros que el Consell convoca per a reparar els camins rurals.\">Read more<\/a><\/p>\n","protected":false},"author":2,"featured_media":13549,"comment_status":"closed","ping_status":"closed","sticky":false,"template":"","format":"standard","meta":{"om_disable_all_campaigns":false,"_monsterinsights_skip_tracking":false,"_monsterinsights_sitenote_active":false,"_monsterinsights_sitenote_note":"","_monsterinsights_sitenote_category":0,"_uf_show_specific_survey":0,"_uf_disable_surveys":false,"footnotes":""},"categories":[11],"tags":[],"class_list":["post-13548","post","type-post","status-publish","format-standard","has-post-thumbnail","hentry","category-comunitatvalenciana"],"_links":{"self":[{"href":"https:\/\/elcafedepipa.com\/index.php\/wp-json\/wp\/v2\/posts\/13548","targetHints":{"allow":["GET"]}}],"collection":[{"href":"https:\/\/elcafedepipa.com\/index.php\/wp-json\/wp\/v2\/posts"}],"about":[{"href":"https:\/\/elcafedepipa.com\/index.php\/wp-json\/wp\/v2\/types\/post"}],"author":[{"embeddable":true,"href":"https:\/\/elcafedepipa.com\/index.php\/wp-json\/wp\/v2\/users\/2"}],"replies":[{"embeddable":true,"href":"https:\/\/elcafedepipa.com\/index.php\/wp-json\/wp\/v2\/comments?post=13548"}],"version-history":[{"count":0,"href":"https:\/\/elcafedepipa.com\/index.php\/wp-json\/wp\/v2\/posts\/13548\/revisions"}],"wp:featuredmedia":[{"embeddable":true,"href":"https:\/\/elcafedepipa.com\/index.php\/wp-json\/wp\/v2\/media\/13549"}],"wp:attachment":[{"href":"https:\/\/elcafedepipa.com\/index.php\/wp-json\/wp\/v2\/media?parent=13548"}],"wp:term":[{"taxonomy":"category","embeddable":true,"href":"https:\/\/elcafedepipa.com\/index.php\/wp-json\/wp\/v2\/categories?post=13548"},{"taxonomy":"post_tag","embeddable":true,"href":"https:\/\/elcafedepipa.com\/index.php\/wp-json\/wp\/v2\/tags?post=13548"}],"curies":[{"name":"wp","href":"https:\/\/api.w.org\/{rel}","templated":true}]}}