{"id":13542,"date":"2025-05-02T13:21:46","date_gmt":"2025-05-02T11:21:46","guid":{"rendered":"https:\/\/elcafedepipa.com\/?p=13542"},"modified":"2025-05-02T13:21:46","modified_gmt":"2025-05-02T11:21:46","slug":"el-pp-aconsegueix-el-consens-per-a-habilitar-un-espai-de-trobada-a-la-vall-despres-del-tancament-en-2023-del-casal-jove","status":"publish","type":"post","link":"https:\/\/elcafedepipa.com\/index.php\/2025\/05\/02\/el-pp-aconsegueix-el-consens-per-a-habilitar-un-espai-de-trobada-a-la-vall-despres-del-tancament-en-2023-del-casal-jove\/","title":{"rendered":"El PP aconsegueix el consens per a habilitar un Espai de Trobada a la Vall despr\u00e9s del tancament en 2023 del Casal Jove"},"content":{"rendered":"\n<p>El Partit Popular de la Vall d\u2019Uix\u00f3 va aconseguir aquest dimecres el consens de tots els grups per a promoure un Espai de Trobada Jove que done resposta a les demandes del sector m\u00e9s jove de la poblaci\u00f3. La iniciativa, presentada en el ple municipal, va obtindre el suport un\u00e0nime de tota la corporaci\u00f3 reconeixent una abs\u00e8ncia \u201cclau\u201d per a un sector de la poblaci\u00f3 \u201cque no obt\u00e9 respostes a les seues demandes\u201d.<\/p>\n\n\n\n<p>La iniciativa del PP va posar damunt la taula el tancament, en 2023, de les instal\u00b7lacions del Casal Jove, ubicat en les pistes de p\u00e0del del municipi. \u201cA dia de hui no hi ha cap servei espec\u00edfic per als joves i creiem que, davant l\u2019abandonament de les pol\u00edtiques dirigides a aquest sector, cal esfor\u00e7 i voluntat per a atendre les seues demandes\u201d.<\/p>\n\n\n\n<p>La proposta del PP aprovada en ple planteja \u201cdonar respostes\u201d amb l\u2019obertura d\u2019un Espai de Trobada, \u201co centre o lloc en qu\u00e8 els joves se senten c\u00f2modes, gaudisquen d\u2019una \u00e0rea l\u00fadica amb recursos adaptats a la seua edat i incorpore informaci\u00f3 d\u2019utilitat sobre mat\u00e8ries -esportives, culturals, festives o de qualsevol altre tipus- que queden fora de l\u2019\u00e0mbit purament educatiu\u201d.<\/p>\n\n\n\n<p>El consens \u201c\u00e9s una bona not\u00edcia per als nostres joves i per a la Vall en general, ja que sabem que la falta d\u2019esta oferta l\u00fadica juvenil preocupa i molt a les fam\u00edlies\u201d. En aquest sentit, \u201ctornem a abanderar solucions als problemes cronificats d\u2019un equip de govern que est\u00e0 allunyat de la realitat del nostre municipi\u201d. \u201cVolem que els joves no hagen de marxar de la Vall per a passar-ho b\u00e9, perqu\u00e8 tenim recursos, oferta i programes adaptats a les seues demandes. I \u00e9s el que hem demanat amb aquesta iniciativa, ser capa\u00e7os de treballar en solucions que donen resposta efica\u00e7 als nostres joves\u201d, ha manifestat Serra.<\/p>\n\n\n\n<p>Creure en la joventut<\/p>\n\n\n\n<p>Tot i aquest acord, des del PP troben a faltar una vertadera pol\u00edtica de joventut que situe aquest segment poblacional al centre de les pol\u00edtiques actives. \u201cEn els nostres anys de govern vam impulsar el programa Joves Tend\u00e8ncies, que hui encara continua en marxa, o la Setmana de la Joventut, que el govern de Tania Ba\u00f1os va eliminar en arribar a l\u2019alcaldia\u201d.<\/p>\n\n\n\n<p>\u201cPer aix\u00f2 s\u00f3n necess\u00e0ries pol\u00edtiques centrades en els m\u00e9s joves, que els permeten tindre a l\u2019abast ferramentes per a relacionar-se, formar-se o informar-se de tot el teixit associatiu, esportiu o cultural que existeix a la nostra ciutat. Una vertadera agenda jove, que el govern de Tania Ba\u00f1os ha renunciat a tindre a la Vall\u201d, ha concl\u00f2s Serra.<\/p>\n","protected":false},"excerpt":{"rendered":"<p>El Partit Popular de la Vall d\u2019Uix\u00f3 va aconseguir aquest dimecres el consens de tots els grups per a promoure un Espai de Trobada Jove que done resposta a les demandes del sector m\u00e9s jove de la poblaci\u00f3. La iniciativa, presentada en el ple municipal, va obtindre el suport un\u00e0nime de tota la corporaci\u00f3 reconeixent &#8230; <a title=\"El PP aconsegueix el consens per a habilitar un Espai de Trobada a la Vall despr\u00e9s del tancament en 2023 del Casal Jove\" class=\"read-more\" href=\"https:\/\/elcafedepipa.com\/index.php\/2025\/05\/02\/el-pp-aconsegueix-el-consens-per-a-habilitar-un-espai-de-trobada-a-la-vall-despres-del-tancament-en-2023-del-casal-jove\/\" aria-label=\"M\u00e9s informaci\u00f3 sobre El PP aconsegueix el consens per a habilitar un Espai de Trobada a la Vall despr\u00e9s del tancament en 2023 del Casal Jove\">Read more<\/a><\/p>\n","protected":false},"author":2,"featured_media":13543,"comment_status":"closed","ping_status":"closed","sticky":false,"template":"","format":"standard","meta":{"om_disable_all_campaigns":false,"_monsterinsights_skip_tracking":false,"_monsterinsights_sitenote_active":false,"_monsterinsights_sitenote_note":"","_monsterinsights_sitenote_category":0,"_uf_show_specific_survey":0,"_uf_disable_surveys":false,"footnotes":""},"categories":[2],"tags":[],"class_list":["post-13542","post","type-post","status-publish","format-standard","has-post-thumbnail","hentry","category-lavallduixo"],"_links":{"self":[{"href":"https:\/\/elcafedepipa.com\/index.php\/wp-json\/wp\/v2\/posts\/13542","targetHints":{"allow":["GET"]}}],"collection":[{"href":"https:\/\/elcafedepipa.com\/index.php\/wp-json\/wp\/v2\/posts"}],"about":[{"href":"https:\/\/elcafedepipa.com\/index.php\/wp-json\/wp\/v2\/types\/post"}],"author":[{"embeddable":true,"href":"https:\/\/elcafedepipa.com\/index.php\/wp-json\/wp\/v2\/users\/2"}],"replies":[{"embeddable":true,"href":"https:\/\/elcafedepipa.com\/index.php\/wp-json\/wp\/v2\/comments?post=13542"}],"version-history":[{"count":0,"href":"https:\/\/elcafedepipa.com\/index.php\/wp-json\/wp\/v2\/posts\/13542\/revisions"}],"wp:featuredmedia":[{"embeddable":true,"href":"https:\/\/elcafedepipa.com\/index.php\/wp-json\/wp\/v2\/media\/13543"}],"wp:attachment":[{"href":"https:\/\/elcafedepipa.com\/index.php\/wp-json\/wp\/v2\/media?parent=13542"}],"wp:term":[{"taxonomy":"category","embeddable":true,"href":"https:\/\/elcafedepipa.com\/index.php\/wp-json\/wp\/v2\/categories?post=13542"},{"taxonomy":"post_tag","embeddable":true,"href":"https:\/\/elcafedepipa.com\/index.php\/wp-json\/wp\/v2\/tags?post=13542"}],"curies":[{"name":"wp","href":"https:\/\/api.w.org\/{rel}","templated":true}]}}