{"id":13518,"date":"2025-04-30T19:00:26","date_gmt":"2025-04-30T17:00:26","guid":{"rendered":"https:\/\/elcafedepipa.com\/?p=13518"},"modified":"2025-04-30T19:00:27","modified_gmt":"2025-04-30T17:00:27","slug":"mor-el-cantant-juan-ramon-als-64-anys","status":"publish","type":"post","link":"https:\/\/elcafedepipa.com\/index.php\/2025\/04\/30\/mor-el-cantant-juan-ramon-als-64-anys\/","title":{"rendered":"Mor el cantant Juan Ram\u00f3n als 64 anys"},"content":{"rendered":"\n<p>Juan Ram\u00f3n Gonz\u00e1lez Sarr\u00eda, conegut art\u00edsticament com Juan Ram\u00f3n, ha mort este mat\u00ed als 64 anys,  a conseq\u00fc\u00e8ncia d&#8217;una malaltia que patia des de feia temps. L&#8217;artista, germ\u00e0 del tamb\u00e9 int\u00e8rpret Francisco, ser\u00e0 acomiadat en la Vall d&#8217;Uix\u00f3 el proper divendres en la missa que tindr\u00e0 lloc  a l&#8217;esgl\u00e9sia de l&#8217;Assumpci\u00f3.<\/p>\n\n\n\n<p>Juan Ram\u00f3n, nascut a la Vall d&#8217;Uix\u00f3, deixa darrere seu una carrera de m\u00e9s de quatre d\u00e8cades en la m\u00fasica i l&#8217;actuaci\u00f3, destacant-se en g\u00e8neres com la balada rom\u00e0ntica, la copla i, tamb\u00e9 incursions en m\u00fasica l\u00edrica. Fou una figura estimada tant a Espanya com a Am\u00e8rica Llatina.<\/p>\n\n\n\n<p>Juan Ram\u00f3n va comen\u00e7ar el seu cam\u00ed a la m\u00fasica com a acompanyant del seu germ\u00e0 Francisco i en 1983va representar Espanya al Festival de la Mediterr\u00e0nia sent l&#8217;inici del seu ascens al panorama musical. El seu primer \u00e0lbum, &#8220;Amante aventurero&#8221; (1989), va consolidar el seu lloc a la ind\u00fastria.<\/p>\n\n\n\n<p>Al llarg de la seva carrera, Juan Ram\u00f3n va col\u00b7laborar amb prestigioses discogr\u00e0fiques com CBS Records i Contrasenya Records, i va compartir escenari amb figures com la seva germana Anna, tamb\u00e9 vinculada al m\u00f3n art\u00edstic. El seu talent no es va limitar a la m\u00fasica: el 1992, va participar al musical Madrid, Madrid, demostrant la seva capacitat per brillar en l&#8217;\u00e0mbit teatral, i el 1995 va formar part de l&#8217;elenc de l&#8217;exitosa telenovel\u00b7la Kassandra, que va aconseguir gran popularitat a Am\u00e8rica Llatina.<\/p>\n\n\n\n<p><strong>Molt estimat a la Vall d&#8217;Uix\u00f3<\/strong><\/p>\n\n\n\n<p>Juan Ram\u00f3n sempre ha tingut grans amistats al poble on va n\u00e0ixer i al que nomenava molt a sovint.  Va co\u00b7laborar en la d\u00e8cada dels noranta en TV de la Vall d&#8217;Uix\u00f3 (actual TV4) de la m\u00e0 del seu amic Santiago S\u00e1ez &#8220;Tarson&#8221;, i el seu tema &#8220;Vall d&#8217;Ux\u00f3&#8221; servia per a tancar les emissions cada nit. Tamb\u00e9 va estar moltes voltes als Estudis de gravaci\u00f3 de Jorge P\u00e9rez al carrer Ja\u00e9n, en el cor del barri de Sant Vicent, junt a Lauro Aparici. I per \u00faltim tamb\u00e9 ha treballat en alguna que altra ocasi\u00f3 amb el mestre valler Jos\u00e9 Vicente Ram\u00f3n Segarra. Descanse en pau.<\/p>\n","protected":false},"excerpt":{"rendered":"<p>Juan Ram\u00f3n Gonz\u00e1lez Sarr\u00eda, conegut art\u00edsticament com Juan Ram\u00f3n, ha mort este mat\u00ed als 64 anys, a conseq\u00fc\u00e8ncia d&#8217;una malaltia que patia des de feia temps. L&#8217;artista, germ\u00e0 del tamb\u00e9 int\u00e8rpret Francisco, ser\u00e0 acomiadat en la Vall d&#8217;Uix\u00f3 el proper divendres en la missa que tindr\u00e0 lloc a l&#8217;esgl\u00e9sia de l&#8217;Assumpci\u00f3. Juan Ram\u00f3n, nascut a &#8230; <a title=\"Mor el cantant Juan Ram\u00f3n als 64 anys\" class=\"read-more\" href=\"https:\/\/elcafedepipa.com\/index.php\/2025\/04\/30\/mor-el-cantant-juan-ramon-als-64-anys\/\" aria-label=\"M\u00e9s informaci\u00f3 sobre Mor el cantant Juan Ram\u00f3n als 64 anys\">Read more<\/a><\/p>\n","protected":false},"author":2,"featured_media":13519,"comment_status":"closed","ping_status":"closed","sticky":false,"template":"","format":"standard","meta":{"om_disable_all_campaigns":false,"_monsterinsights_skip_tracking":false,"_monsterinsights_sitenote_active":false,"_monsterinsights_sitenote_note":"","_monsterinsights_sitenote_category":0,"_uf_show_specific_survey":0,"_uf_disable_surveys":false,"footnotes":""},"categories":[1],"tags":[],"class_list":["post-13518","post","type-post","status-publish","format-standard","has-post-thumbnail","hentry","category-non-classe"],"_links":{"self":[{"href":"https:\/\/elcafedepipa.com\/index.php\/wp-json\/wp\/v2\/posts\/13518","targetHints":{"allow":["GET"]}}],"collection":[{"href":"https:\/\/elcafedepipa.com\/index.php\/wp-json\/wp\/v2\/posts"}],"about":[{"href":"https:\/\/elcafedepipa.com\/index.php\/wp-json\/wp\/v2\/types\/post"}],"author":[{"embeddable":true,"href":"https:\/\/elcafedepipa.com\/index.php\/wp-json\/wp\/v2\/users\/2"}],"replies":[{"embeddable":true,"href":"https:\/\/elcafedepipa.com\/index.php\/wp-json\/wp\/v2\/comments?post=13518"}],"version-history":[{"count":0,"href":"https:\/\/elcafedepipa.com\/index.php\/wp-json\/wp\/v2\/posts\/13518\/revisions"}],"wp:featuredmedia":[{"embeddable":true,"href":"https:\/\/elcafedepipa.com\/index.php\/wp-json\/wp\/v2\/media\/13519"}],"wp:attachment":[{"href":"https:\/\/elcafedepipa.com\/index.php\/wp-json\/wp\/v2\/media?parent=13518"}],"wp:term":[{"taxonomy":"category","embeddable":true,"href":"https:\/\/elcafedepipa.com\/index.php\/wp-json\/wp\/v2\/categories?post=13518"},{"taxonomy":"post_tag","embeddable":true,"href":"https:\/\/elcafedepipa.com\/index.php\/wp-json\/wp\/v2\/tags?post=13518"}],"curies":[{"name":"wp","href":"https:\/\/api.w.org\/{rel}","templated":true}]}}