{"id":13493,"date":"2025-04-30T13:22:34","date_gmt":"2025-04-30T11:22:34","guid":{"rendered":"https:\/\/elcafedepipa.com\/?p=13493"},"modified":"2025-04-30T13:22:34","modified_gmt":"2025-04-30T11:22:34","slug":"el-pspv-reivindica-el-lideratge-del-govern-socialista-en-la-defensa-dun-model-de-treball-mes-digne-i-conciliador-amb-la-reduccio-de-la-jornada-laboral-a-375-hores","status":"publish","type":"post","link":"https:\/\/elcafedepipa.com\/index.php\/2025\/04\/30\/el-pspv-reivindica-el-lideratge-del-govern-socialista-en-la-defensa-dun-model-de-treball-mes-digne-i-conciliador-amb-la-reduccio-de-la-jornada-laboral-a-375-hores\/","title":{"rendered":"El PSPV reivindica el lideratge del Govern socialista en la defensa d\u2019un model de treball \u201cm\u00e9s digne i conciliador\u201d amb la reducci\u00f3 de la jornada laboral a 37,5 hores"},"content":{"rendered":"\n<p>PSPV-PSOE de Castell\u00f3 ha mantingut una reuni\u00f3 de treball amb els recentment escollits secretaris generals d\u2019UGT Castell\u00f3 i d\u2019UGT-PV, Vicente Chiva i Tino Calero, en un moment clau per al futur dels drets laborals a tot l\u2019Estat, a les portes de l\u2019aprovaci\u00f3 pel Govern d\u2019Espanya de la reducci\u00f3 de la jornada laboral de 40 a 37,5 hores setmanals a totes les persones treballadores.<\/p>\n\n\n\n<p>Els parlamentaris socialistes Susana Ros, Artemi Rallo i Eva Redondo han traslladat als representants sindicals el ferm suport del PSOE a les reivindicacions de les treballadores i treballadors, i han destacat que la reducci\u00f3 de la jornada laboral \u00e9s \u201cuna conquesta social hist\u00f2rica fruit del di\u00e0leg i del comprom\u00eds amb un model laboral m\u00e9s digne i conciliador\u201d.<\/p>\n\n\n\n<p>\u201cEl nostre comprom\u00eds \u00e9s clar. Reduir la jornada laboral forma part del full de ruta del PSOE per a transformar el sistema productiu espanyol amb criteris de just\u00edcia i de benestar laboral\u201d, ha assenyalat la diputada Susana Ros, que ha volgut posar en valor que \u201caquesta mesura no nom\u00e9s beneficia les persones treballadores, sin\u00f3 que tamb\u00e9 afavoreix una economia m\u00e9s eficient i sostenible\u201d.<\/p>\n\n\n\n<p>Durant la trobada, celebrada a Castell\u00f3 de la Plana, s\u2019han abordat tamb\u00e9 q\u00fcestions que afecten directament l\u2019economia de la prov\u00edncia, com la situaci\u00f3 del sector cer\u00e0mic o les condicions laborals en sectors com els serveis, la neteja, l\u2019hostaleria o el transport. En aquest sentit, el diputat Artemi Rallo ha remarcat que \u201c\u00e9s fonamental tancar com m\u00e9s prompte millor el conveni col\u00b7lectiu del sector cer\u00e0mic per a donar estabilitat i seguretat a milers de treballadors i treballadores de la prov\u00edncia\u201d.<\/p>\n\n\n\n<p>En relaci\u00f3 amb la reducci\u00f3 de la jornada, la senadora Eva Redondo ha destacat que aquesta proposta, que ser\u00e0 aprovada la setmana que ve, \u201c\u00e9s el resultat de l\u2019aposta del Govern de Pedro S\u00e1nchez i de la voluntat pol\u00edtica del PSOE d\u2019avan\u00e7ar cap a un model laboral m\u00e9s flexible i saludable, que millore la qualitat de vida i que impulse la conciliaci\u00f3\u201d, ha afegit, tal com es va aprovar en el 41 Congr\u00e9s Federal de Sevilla. L\u2019objectiu \u00e9s arribar a una jornada de 36 hores setmanals l\u2019any 2030.<\/p>\n\n\n\n<p>Per als representants socialistes, \u201cnom\u00e9s el PSOE \u00e9s garant de pol\u00edtiques laborals valentes i progressistes, amb les quals hem aconseguit fites com els ERTO durant la pand\u00e8mia, la reforma laboral que ha redu\u00eft la temporalitat i la creaci\u00f3 de 3,5 milions de contractes indefinits\u201d. A m\u00e9s a m\u00e9s, han recordat tamb\u00e9 que Espanya ha superat els 21,3 milions d\u2019afiliacions a la Seguretat Social i que la taxa d\u2019atur es troba en el seu nivell m\u00e9s baix dels \u00faltims 17 anys.<\/p>\n\n\n\n<p>Tant els representants del PSPV-PSOE com de l\u2019UGT han animat a la ciutadania a sumar-se dem\u00e0 dijous a la mobilitzaci\u00f3 del Primer de Maig en defensa dels drets laborals i per a continuar avan\u00e7ant en les conquestes socials, i que a Castell\u00f3 est\u00e0 convocada a les 11 hores a la pla\u00e7a de les Aules.<\/p>\n","protected":false},"excerpt":{"rendered":"<p>PSPV-PSOE de Castell\u00f3 ha mantingut una reuni\u00f3 de treball amb els recentment escollits secretaris generals d\u2019UGT Castell\u00f3 i d\u2019UGT-PV, Vicente Chiva i Tino Calero, en un moment clau per al futur dels drets laborals a tot l\u2019Estat, a les portes de l\u2019aprovaci\u00f3 pel Govern d\u2019Espanya de la reducci\u00f3 de la jornada laboral de 40 a &#8230; <a title=\"El PSPV reivindica el lideratge del Govern socialista en la defensa d\u2019un model de treball \u201cm\u00e9s digne i conciliador\u201d amb la reducci\u00f3 de la jornada laboral a 37,5 hores\" class=\"read-more\" href=\"https:\/\/elcafedepipa.com\/index.php\/2025\/04\/30\/el-pspv-reivindica-el-lideratge-del-govern-socialista-en-la-defensa-dun-model-de-treball-mes-digne-i-conciliador-amb-la-reduccio-de-la-jornada-laboral-a-375-hores\/\" aria-label=\"M\u00e9s informaci\u00f3 sobre El PSPV reivindica el lideratge del Govern socialista en la defensa d\u2019un model de treball \u201cm\u00e9s digne i conciliador\u201d amb la reducci\u00f3 de la jornada laboral a 37,5 hores\">Read more<\/a><\/p>\n","protected":false},"author":2,"featured_media":13494,"comment_status":"closed","ping_status":"closed","sticky":false,"template":"","format":"standard","meta":{"om_disable_all_campaigns":false,"_monsterinsights_skip_tracking":false,"_monsterinsights_sitenote_active":false,"_monsterinsights_sitenote_note":"","_monsterinsights_sitenote_category":0,"_uf_show_specific_survey":0,"_uf_disable_surveys":false,"footnotes":""},"categories":[10],"tags":[],"class_list":["post-13493","post","type-post","status-publish","format-standard","has-post-thumbnail","hentry","category-provinciadecastello"],"_links":{"self":[{"href":"https:\/\/elcafedepipa.com\/index.php\/wp-json\/wp\/v2\/posts\/13493","targetHints":{"allow":["GET"]}}],"collection":[{"href":"https:\/\/elcafedepipa.com\/index.php\/wp-json\/wp\/v2\/posts"}],"about":[{"href":"https:\/\/elcafedepipa.com\/index.php\/wp-json\/wp\/v2\/types\/post"}],"author":[{"embeddable":true,"href":"https:\/\/elcafedepipa.com\/index.php\/wp-json\/wp\/v2\/users\/2"}],"replies":[{"embeddable":true,"href":"https:\/\/elcafedepipa.com\/index.php\/wp-json\/wp\/v2\/comments?post=13493"}],"version-history":[{"count":0,"href":"https:\/\/elcafedepipa.com\/index.php\/wp-json\/wp\/v2\/posts\/13493\/revisions"}],"wp:featuredmedia":[{"embeddable":true,"href":"https:\/\/elcafedepipa.com\/index.php\/wp-json\/wp\/v2\/media\/13494"}],"wp:attachment":[{"href":"https:\/\/elcafedepipa.com\/index.php\/wp-json\/wp\/v2\/media?parent=13493"}],"wp:term":[{"taxonomy":"category","embeddable":true,"href":"https:\/\/elcafedepipa.com\/index.php\/wp-json\/wp\/v2\/categories?post=13493"},{"taxonomy":"post_tag","embeddable":true,"href":"https:\/\/elcafedepipa.com\/index.php\/wp-json\/wp\/v2\/tags?post=13493"}],"curies":[{"name":"wp","href":"https:\/\/api.w.org\/{rel}","templated":true}]}}