{"id":13480,"date":"2025-04-30T10:08:41","date_gmt":"2025-04-30T08:08:41","guid":{"rendered":"https:\/\/elcafedepipa.com\/?p=13480"},"modified":"2025-04-30T10:08:41","modified_gmt":"2025-04-30T08:08:41","slug":"lajuntament-de-la-vall-duixo-obrira-la-setmana-que-ve-la-licitacio-de-les-obres-del-parc-aquatic","status":"publish","type":"post","link":"https:\/\/elcafedepipa.com\/index.php\/2025\/04\/30\/lajuntament-de-la-vall-duixo-obrira-la-setmana-que-ve-la-licitacio-de-les-obres-del-parc-aquatic\/","title":{"rendered":"L\u2019Ajuntament de la Vall d\u2019Uix\u00f3 obrir\u00e0 la setmana que ve la licitaci\u00f3 de les obres del parc aqu\u00e0tic"},"content":{"rendered":"\n<p>L\u2019Ajuntament de la Vall d\u2019Uix\u00f3 aprovar\u00e0 aquest dijous en ple municipal el projecte definitiu que transformar\u00e0 l\u2019antiga piscina d\u2019estiu de Sant Josep en un parc aqu\u00e0tic de m\u00e9s de 5.000 m\u00b2. Hui s\u2019ha presentat p\u00fablicament a la ciutadania el disseny d\u2019aquest espai, que inclour\u00e0 una gran zona de piscines amb tobogans, un splashpark i una \u00e0rea verda per a \u00fas familiar.<\/p>\n\n\n\n<p>El projecte ha estat redactat pel despatx d\u2019arquitectura de <strong>Jorge Barata<\/strong> i suposar\u00e0 una inversi\u00f3 de <strong>4.159.055,94 euros<\/strong>, que ser\u00e0 tamb\u00e9 el <strong>preu de licitaci\u00f3 de les obres<\/strong>. Els plecs es publicaran la setmana que ve, despr\u00e9s de ser aprovats pel consell d\u2019administraci\u00f3 de l\u2019empresa p\u00fablica <strong>Emsevall<\/strong>, amb un <strong>termini d\u2019execuci\u00f3 de set mesos<\/strong>. L\u2019objectiu \u00e9s que el parc puga <strong>inaugurar-se en 2026<\/strong>.<\/p>\n\n\n\n<p>Entre les principals caracter\u00edstiques del futur parc destaca un vas gran amb tres tobogans de 798 m\u00b2 i un vas infantil de 373 m\u00b2 amb dos tobogans m\u00e9s, amb zones de platja accessibles. Tamb\u00e9 comptar\u00e0 amb un <strong>splashpark<\/strong> amb jocs d\u2019aigua, <strong>zona de sol\u00e0rium<\/strong>, <strong>espais verds i p\u00edcnic<\/strong>, un <strong>quiosc-cafeteria amb terrassa<\/strong>, vestuaris i zones de serveis.<\/p>\n\n\n\n<p>El projecte dona resposta als <strong>problemes hist\u00f2rics de fugues d\u2019aigua<\/strong> de l\u2019antiga piscina, reubicant les instal\u00b7lacions a una zona esportiva en des\u00fas que compta amb millor estabilitat del terreny i m\u00e9s hores de sol.<\/p>\n\n\n\n<p>Una altra de les claus del projecte \u00e9s la <strong>gesti\u00f3 p\u00fablica directa<\/strong>, recuperada despr\u00e9s del tancament provocat per la gesti\u00f3 privada. Els <strong>beneficis de les Coves de Sant Josep<\/strong> finan\u00e7aran en part aquesta actuaci\u00f3, que busca no sols oferir un servei de qualitat als ve\u00efns i ve\u00efnes, sin\u00f3 tamb\u00e9 refor\u00e7ar l\u2019oferta tur\u00edstica del municipi.<\/p>\n\n\n\n<p>La <strong>alcaldessa Tania Ba\u00f1os<\/strong> ha destacat el proc\u00e9s de participaci\u00f3 ciutadana iniciat en 2023 \u201cper a escoltar l\u2019opini\u00f3 de la gent i dissenyar unes instal\u00b7lacions dignes, adaptades a les necessitats i desitjos reals\u201d. A m\u00e9s, ha defensat un model l\u00fadic i familiar \u201cque done servei a la ciutat i siga un reclam per a turistes, complementant la visita a les Coves amb una experi\u00e8ncia completa i memorable\u201d.<\/p>\n","protected":false},"excerpt":{"rendered":"<p>L\u2019Ajuntament de la Vall d\u2019Uix\u00f3 aprovar\u00e0 aquest dijous en ple municipal el projecte definitiu que transformar\u00e0 l\u2019antiga piscina d\u2019estiu de Sant Josep en un parc aqu\u00e0tic de m\u00e9s de 5.000 m\u00b2. Hui s\u2019ha presentat p\u00fablicament a la ciutadania el disseny d\u2019aquest espai, que inclour\u00e0 una gran zona de piscines amb tobogans, un splashpark i una &#8230; <a title=\"L\u2019Ajuntament de la Vall d\u2019Uix\u00f3 obrir\u00e0 la setmana que ve la licitaci\u00f3 de les obres del parc aqu\u00e0tic\" class=\"read-more\" href=\"https:\/\/elcafedepipa.com\/index.php\/2025\/04\/30\/lajuntament-de-la-vall-duixo-obrira-la-setmana-que-ve-la-licitacio-de-les-obres-del-parc-aquatic\/\" aria-label=\"M\u00e9s informaci\u00f3 sobre L\u2019Ajuntament de la Vall d\u2019Uix\u00f3 obrir\u00e0 la setmana que ve la licitaci\u00f3 de les obres del parc aqu\u00e0tic\">Read more<\/a><\/p>\n","protected":false},"author":2,"featured_media":13481,"comment_status":"closed","ping_status":"closed","sticky":false,"template":"","format":"standard","meta":{"om_disable_all_campaigns":false,"_monsterinsights_skip_tracking":false,"_monsterinsights_sitenote_active":false,"_monsterinsights_sitenote_note":"","_monsterinsights_sitenote_category":0,"_uf_show_specific_survey":0,"_uf_disable_surveys":false,"footnotes":""},"categories":[1],"tags":[],"class_list":["post-13480","post","type-post","status-publish","format-standard","has-post-thumbnail","hentry","category-non-classe"],"_links":{"self":[{"href":"https:\/\/elcafedepipa.com\/index.php\/wp-json\/wp\/v2\/posts\/13480","targetHints":{"allow":["GET"]}}],"collection":[{"href":"https:\/\/elcafedepipa.com\/index.php\/wp-json\/wp\/v2\/posts"}],"about":[{"href":"https:\/\/elcafedepipa.com\/index.php\/wp-json\/wp\/v2\/types\/post"}],"author":[{"embeddable":true,"href":"https:\/\/elcafedepipa.com\/index.php\/wp-json\/wp\/v2\/users\/2"}],"replies":[{"embeddable":true,"href":"https:\/\/elcafedepipa.com\/index.php\/wp-json\/wp\/v2\/comments?post=13480"}],"version-history":[{"count":0,"href":"https:\/\/elcafedepipa.com\/index.php\/wp-json\/wp\/v2\/posts\/13480\/revisions"}],"wp:featuredmedia":[{"embeddable":true,"href":"https:\/\/elcafedepipa.com\/index.php\/wp-json\/wp\/v2\/media\/13481"}],"wp:attachment":[{"href":"https:\/\/elcafedepipa.com\/index.php\/wp-json\/wp\/v2\/media?parent=13480"}],"wp:term":[{"taxonomy":"category","embeddable":true,"href":"https:\/\/elcafedepipa.com\/index.php\/wp-json\/wp\/v2\/categories?post=13480"},{"taxonomy":"post_tag","embeddable":true,"href":"https:\/\/elcafedepipa.com\/index.php\/wp-json\/wp\/v2\/tags?post=13480"}],"curies":[{"name":"wp","href":"https:\/\/api.w.org\/{rel}","templated":true}]}}