{"id":13457,"date":"2025-04-29T14:20:37","date_gmt":"2025-04-29T12:20:37","guid":{"rendered":"https:\/\/elcafedepipa.com\/?p=13457"},"modified":"2025-04-29T14:20:38","modified_gmt":"2025-04-29T12:20:38","slug":"el-pspv-psoe-acusa-mazon-de-canviar-el-ventorro-per-una-partida-de-mus-davant-una-nova-emergencia","status":"publish","type":"post","link":"https:\/\/elcafedepipa.com\/index.php\/2025\/04\/29\/el-pspv-psoe-acusa-mazon-de-canviar-el-ventorro-per-una-partida-de-mus-davant-una-nova-emergencia\/","title":{"rendered":"El PSPV-PSOE acusa Maz\u00f3n de \u201ccanviar el Ventorro per una partida de mus davant una nova emerg\u00e8ncia&#8221;"},"content":{"rendered":"\n<p>El PSPV-PSOE ha assenyalat aquest dimarts que el president de la Generalitat, Carlos Maz\u00f3n, \u201cdavant una nova emerg\u00e8ncia ha canviat el Ventorro per una partida de mus\u201d i ha afirmat que \u201camb cada pas que fa s\u2019est\u00e0 autoinculpant per la seua neglig\u00e8ncia del 29 d\u2019octubre, demostrant que es poden fer coses que en aquell moment no va fer\u201d.<\/p>\n\n\n\n<p>Aix\u00ed s\u2019ha expressat el s\u00edndic del PSPV-PSOE en Les Corts, <strong>Jos\u00e9 Mu\u00f1oz<\/strong>, en declaracions als mitjans de comunicaci\u00f3, en les quals ha remarcat que \u201cla imatge que va donar ahir la Generalitat amb el seu comit\u00e8 de crisi \u00e9s la d\u2019un absolut desgavell i caos, que nom\u00e9s genera inseguretat entre la ciutadania\u201d.<\/p>\n\n\n\n<p>En aquest sentit, Mu\u00f1oz ha retret a Maz\u00f3n que \u201cdecrete el nivell 3 d\u2019emerg\u00e8ncia i als dies seg\u00fcents se\u2019n vaja de viatge a Nova York com si hi haguera una normalitat absoluta\u201d, i ha afegit que \u201cactua com un mal estudiant que, una vegada m\u00e9s, s\u2019oblida dels valencians i valencianes\u201d.<\/p>\n\n\n\n<p>A m\u00e9s, ha recordat que amb la petici\u00f3 de declaraci\u00f3 d\u2019emerg\u00e8ncia nacional, \u201cMaz\u00f3n ens ha demostrat el que podria haver passat el 29 d\u2019octubre si haguera ent\u00e9s que estava sobrepassat per les circumst\u00e0ncies i haguera demanat al Govern d\u2019Espanya que assumira les compet\u00e8ncies, cosa que ara ha fet de facto\u201d. En aquest sentit, ha insistit que \u201csi ho haguera fet en el seu moment, probablement no haur\u00edem hagut de lamentar tantes p\u00e8rdues humanes\u201d.<\/p>\n\n\n\n<p>Finalment, des del PSPV han lamentat que \u201cel Partit Popular mobilitze 900 efectius de policia amb el nivell 3 d\u2019emerg\u00e8ncia decretat a la Comunitat Valenciana, quan haurien d\u2019estar disponibles per a fer front a qualsevol imprevist que puga produir-se\u201d.<\/p>\n","protected":false},"excerpt":{"rendered":"<p>El PSPV-PSOE ha assenyalat aquest dimarts que el president de la Generalitat, Carlos Maz\u00f3n, \u201cdavant una nova emerg\u00e8ncia ha canviat el Ventorro per una partida de mus\u201d i ha afirmat que \u201camb cada pas que fa s\u2019est\u00e0 autoinculpant per la seua neglig\u00e8ncia del 29 d\u2019octubre, demostrant que es poden fer coses que en aquell moment &#8230; <a title=\"El PSPV-PSOE acusa Maz\u00f3n de \u201ccanviar el Ventorro per una partida de mus davant una nova emerg\u00e8ncia&#8221;\" class=\"read-more\" href=\"https:\/\/elcafedepipa.com\/index.php\/2025\/04\/29\/el-pspv-psoe-acusa-mazon-de-canviar-el-ventorro-per-una-partida-de-mus-davant-una-nova-emergencia\/\" aria-label=\"M\u00e9s informaci\u00f3 sobre El PSPV-PSOE acusa Maz\u00f3n de \u201ccanviar el Ventorro per una partida de mus davant una nova emerg\u00e8ncia&#8221;\">Read more<\/a><\/p>\n","protected":false},"author":2,"featured_media":13459,"comment_status":"closed","ping_status":"closed","sticky":false,"template":"","format":"standard","meta":{"om_disable_all_campaigns":false,"_monsterinsights_skip_tracking":false,"_monsterinsights_sitenote_active":false,"_monsterinsights_sitenote_note":"","_monsterinsights_sitenote_category":0,"_uf_show_specific_survey":0,"_uf_disable_surveys":false,"footnotes":""},"categories":[11],"tags":[],"class_list":["post-13457","post","type-post","status-publish","format-standard","has-post-thumbnail","hentry","category-comunitatvalenciana"],"_links":{"self":[{"href":"https:\/\/elcafedepipa.com\/index.php\/wp-json\/wp\/v2\/posts\/13457","targetHints":{"allow":["GET"]}}],"collection":[{"href":"https:\/\/elcafedepipa.com\/index.php\/wp-json\/wp\/v2\/posts"}],"about":[{"href":"https:\/\/elcafedepipa.com\/index.php\/wp-json\/wp\/v2\/types\/post"}],"author":[{"embeddable":true,"href":"https:\/\/elcafedepipa.com\/index.php\/wp-json\/wp\/v2\/users\/2"}],"replies":[{"embeddable":true,"href":"https:\/\/elcafedepipa.com\/index.php\/wp-json\/wp\/v2\/comments?post=13457"}],"version-history":[{"count":0,"href":"https:\/\/elcafedepipa.com\/index.php\/wp-json\/wp\/v2\/posts\/13457\/revisions"}],"wp:featuredmedia":[{"embeddable":true,"href":"https:\/\/elcafedepipa.com\/index.php\/wp-json\/wp\/v2\/media\/13459"}],"wp:attachment":[{"href":"https:\/\/elcafedepipa.com\/index.php\/wp-json\/wp\/v2\/media?parent=13457"}],"wp:term":[{"taxonomy":"category","embeddable":true,"href":"https:\/\/elcafedepipa.com\/index.php\/wp-json\/wp\/v2\/categories?post=13457"},{"taxonomy":"post_tag","embeddable":true,"href":"https:\/\/elcafedepipa.com\/index.php\/wp-json\/wp\/v2\/tags?post=13457"}],"curies":[{"name":"wp","href":"https:\/\/api.w.org\/{rel}","templated":true}]}}