{"id":13441,"date":"2025-04-29T10:47:56","date_gmt":"2025-04-29T08:47:56","guid":{"rendered":"https:\/\/elcafedepipa.com\/?p=13441"},"modified":"2025-04-29T10:47:57","modified_gmt":"2025-04-29T08:47:57","slug":"nules-celebra-la-festivitat-de-sant-vicent-amb-la-quinta-del-98-com-a-protagonista","status":"publish","type":"post","link":"https:\/\/elcafedepipa.com\/index.php\/2025\/04\/29\/nules-celebra-la-festivitat-de-sant-vicent-amb-la-quinta-del-98-com-a-protagonista\/","title":{"rendered":"Nules celebra la festivitat de Sant Vicent, amb la quinta del 98 com a protagonista"},"content":{"rendered":"\n<p>La poblaci\u00f3 de Nules ha viscut un dels dies festius m\u00e9s destacats en el qual participen milers de persones de diferents edats, la festivitat de Sant Vicent destaca a aquesta localitat de la comarca de la Plana Baixa per la celebraci\u00f3 del cercavila protagonitzat per les quintes, que a m\u00e9s \u00e9s Festa d\u2019Inter\u00e9s Tur\u00edstic Provincial des de l\u2019any 2021.<\/p>\n\n\n\n<p>Amb una participaci\u00f3 massiva, enguany l\u2019organitzaci\u00f3 d\u2019aquesta festa ha estat a c\u00e0rrec de la Quinta de l\u2019any 1998. De manera que, com \u00e9s tradici\u00f3 les quintes han recorregut diferents carrers dels casc urb\u00e0 amb la m\u00fasica i els carros engalanats amb cavalls per a arribar al carrer de Sant Vicent on han rendit tribut al sant rodant la foguera.<\/p>\n\n\n\n<p>La jornada ha continuat amb el lliurament del gui\u00f3 a la Quinta de l\u2019any 1999 davant el dosser que hi ha a la Pla\u00e7a Major, ja que ser\u00e0 aquesta quinta l\u2019encarregada d\u2019organitzar la festa el proper any. I finalitzar\u00e0 aquesta vesprada amb la tradicional missa i process\u00f3 en honor a Sant Vicent.<\/p>\n\n\n\n<p>Va ser la Quinta de l\u2019any 1961 la que en el seu dia va instaurar aquesta festa que actualment compta amb molta tradici\u00f3 i est\u00e0 molt arrelada entre els ve\u00efns i les ve\u00efnes del municipi.<\/p>\n\n\n\n<p><\/p>\n","protected":false},"excerpt":{"rendered":"<p>La poblaci\u00f3 de Nules ha viscut un dels dies festius m\u00e9s destacats en el qual participen milers de persones de diferents edats, la festivitat de Sant Vicent destaca a aquesta localitat de la comarca de la Plana Baixa per la celebraci\u00f3 del cercavila protagonitzat per les quintes, que a m\u00e9s \u00e9s Festa d\u2019Inter\u00e9s Tur\u00edstic Provincial &#8230; <a title=\"Nules celebra la festivitat de Sant Vicent, amb la quinta del 98 com a protagonista\" class=\"read-more\" href=\"https:\/\/elcafedepipa.com\/index.php\/2025\/04\/29\/nules-celebra-la-festivitat-de-sant-vicent-amb-la-quinta-del-98-com-a-protagonista\/\" aria-label=\"M\u00e9s informaci\u00f3 sobre Nules celebra la festivitat de Sant Vicent, amb la quinta del 98 com a protagonista\">Read more<\/a><\/p>\n","protected":false},"author":2,"featured_media":13442,"comment_status":"closed","ping_status":"closed","sticky":false,"template":"","format":"standard","meta":{"om_disable_all_campaigns":false,"_monsterinsights_skip_tracking":false,"_monsterinsights_sitenote_active":false,"_monsterinsights_sitenote_note":"","_monsterinsights_sitenote_category":0,"_uf_show_specific_survey":0,"_uf_disable_surveys":false,"footnotes":""},"categories":[1],"tags":[],"class_list":["post-13441","post","type-post","status-publish","format-standard","has-post-thumbnail","hentry","category-non-classe"],"_links":{"self":[{"href":"https:\/\/elcafedepipa.com\/index.php\/wp-json\/wp\/v2\/posts\/13441","targetHints":{"allow":["GET"]}}],"collection":[{"href":"https:\/\/elcafedepipa.com\/index.php\/wp-json\/wp\/v2\/posts"}],"about":[{"href":"https:\/\/elcafedepipa.com\/index.php\/wp-json\/wp\/v2\/types\/post"}],"author":[{"embeddable":true,"href":"https:\/\/elcafedepipa.com\/index.php\/wp-json\/wp\/v2\/users\/2"}],"replies":[{"embeddable":true,"href":"https:\/\/elcafedepipa.com\/index.php\/wp-json\/wp\/v2\/comments?post=13441"}],"version-history":[{"count":0,"href":"https:\/\/elcafedepipa.com\/index.php\/wp-json\/wp\/v2\/posts\/13441\/revisions"}],"wp:featuredmedia":[{"embeddable":true,"href":"https:\/\/elcafedepipa.com\/index.php\/wp-json\/wp\/v2\/media\/13442"}],"wp:attachment":[{"href":"https:\/\/elcafedepipa.com\/index.php\/wp-json\/wp\/v2\/media?parent=13441"}],"wp:term":[{"taxonomy":"category","embeddable":true,"href":"https:\/\/elcafedepipa.com\/index.php\/wp-json\/wp\/v2\/categories?post=13441"},{"taxonomy":"post_tag","embeddable":true,"href":"https:\/\/elcafedepipa.com\/index.php\/wp-json\/wp\/v2\/tags?post=13441"}],"curies":[{"name":"wp","href":"https:\/\/api.w.org\/{rel}","templated":true}]}}