{"id":13397,"date":"2025-04-25T13:36:43","date_gmt":"2025-04-25T11:36:43","guid":{"rendered":"https:\/\/elcafedepipa.com\/?p=13397"},"modified":"2025-04-25T13:36:44","modified_gmt":"2025-04-25T11:36:44","slug":"la-ude-busca-guanyar-al-jove-espanol-per-acostar-se-a-la-promocio-dascens-a-segona-rfef","status":"publish","type":"post","link":"https:\/\/elcafedepipa.com\/index.php\/2025\/04\/25\/la-ude-busca-guanyar-al-jove-espanol-per-acostar-se-a-la-promocio-dascens-a-segona-rfef\/","title":{"rendered":"La UDE busca guanyar al Jove Espa\u00f1ol per acostar-se a la promoci\u00f3 d\u2019ascens a Segona RFEF"},"content":{"rendered":"\n<p>Ni el m\u00e9s optimista dels aficionats blanquiblaus podia imaginar, a principis del passat estiu, que a falta de tres jornades per acabar la temporada del retorn a Tercera RFEF \u201422 anys despr\u00e9s\u2014, la UDE tindria la perman\u00e8ncia assegurada matem\u00e0ticament des de fa ja diverses setmanes. I molt menys, que a aquestes altures del campionat estaria lluitant per arribar a la promoci\u00f3 d\u2019ascens a Segona RFEF.<\/p>\n\n\n\n<p>Si la temporada passada va ser de matr\u00edcula d\u2019honor, aquesta no es pot qualificar amb una nota inferior. A nom\u00e9s tres jornades del final, la UDE es troba a tan sols tres punts de les places de \u2018play-off\u2019 d\u2019ascens a Segona RFEF. Gran temporada dels homes de Jos\u00e9 Manuel Descalzo, que han demostrat ser un equip s\u00f2lid i resolutiu.<\/p>\n\n\n\n<hr class=\"wp-block-separator has-alpha-channel-opacity\"\/>\n\n\n\n<h3 class=\"wp-block-heading\"><strong>Diumenge, gran final<\/strong><\/h3>\n\n\n\n<p>Aquest diumenge, a les 18.00 hores, la UDE disputa una aut\u00e8ntica final a l\u2019estadi Jos\u00e9 Mangri\u00f1\u00e1n davant el FC Jove Espa\u00f1ol de Sant Vicent del Raspeig. Els blanquiblaus estan obligats a guanyar i esperar la resta de resultats d\u2019una jornada que pot ser molt favorable, ja que els equips que els precedeixen tenen despla\u00e7aments complicats.<\/p>\n\n\n\n<p>Tot i aix\u00f2, no ser\u00e0 un partit f\u00e0cil: el rival t\u00e9 un gran potencial i nom\u00e9s est\u00e0 un punt per darrere a la classificaci\u00f3.<\/p>\n\n\n\n<hr class=\"wp-block-separator has-alpha-channel-opacity\"\/>\n\n\n\n<h3 class=\"wp-block-heading\"><strong>Equip i afici\u00f3, amb molta il\u00b7lusi\u00f3<\/strong><\/h3>\n\n\n\n<p>Amb els deures fets i sense res a perdre, la UDE afronta el partit de diumenge amb la m\u00e0xima il\u00b7lusi\u00f3 de sumar tres punts que l\u2019aproparien al somni del \u2018play-off\u2019. L\u2019afici\u00f3 s\u2019est\u00e0 tornant a mobilitzar davant la import\u00e0ncia de l\u2019encontre, i les grades del vell Segarra tornaran a acollir una gran entrada.<\/p>\n\n\n\n<p><\/p>\n","protected":false},"excerpt":{"rendered":"<p>Ni el m\u00e9s optimista dels aficionats blanquiblaus podia imaginar, a principis del passat estiu, que a falta de tres jornades per acabar la temporada del retorn a Tercera RFEF \u201422 anys despr\u00e9s\u2014, la UDE tindria la perman\u00e8ncia assegurada matem\u00e0ticament des de fa ja diverses setmanes. I molt menys, que a aquestes altures del campionat estaria &#8230; <a title=\"La UDE busca guanyar al Jove Espa\u00f1ol per acostar-se a la promoci\u00f3 d\u2019ascens a Segona RFEF\" class=\"read-more\" href=\"https:\/\/elcafedepipa.com\/index.php\/2025\/04\/25\/la-ude-busca-guanyar-al-jove-espanol-per-acostar-se-a-la-promocio-dascens-a-segona-rfef\/\" aria-label=\"M\u00e9s informaci\u00f3 sobre La UDE busca guanyar al Jove Espa\u00f1ol per acostar-se a la promoci\u00f3 d\u2019ascens a Segona RFEF\">Read more<\/a><\/p>\n","protected":false},"author":2,"featured_media":13399,"comment_status":"closed","ping_status":"closed","sticky":false,"template":"","format":"standard","meta":{"om_disable_all_campaigns":false,"_monsterinsights_skip_tracking":false,"_monsterinsights_sitenote_active":false,"_monsterinsights_sitenote_note":"","_monsterinsights_sitenote_category":0,"_uf_show_specific_survey":0,"_uf_disable_surveys":false,"footnotes":""},"categories":[10],"tags":[],"class_list":["post-13397","post","type-post","status-publish","format-standard","has-post-thumbnail","hentry","category-provinciadecastello"],"_links":{"self":[{"href":"https:\/\/elcafedepipa.com\/index.php\/wp-json\/wp\/v2\/posts\/13397","targetHints":{"allow":["GET"]}}],"collection":[{"href":"https:\/\/elcafedepipa.com\/index.php\/wp-json\/wp\/v2\/posts"}],"about":[{"href":"https:\/\/elcafedepipa.com\/index.php\/wp-json\/wp\/v2\/types\/post"}],"author":[{"embeddable":true,"href":"https:\/\/elcafedepipa.com\/index.php\/wp-json\/wp\/v2\/users\/2"}],"replies":[{"embeddable":true,"href":"https:\/\/elcafedepipa.com\/index.php\/wp-json\/wp\/v2\/comments?post=13397"}],"version-history":[{"count":0,"href":"https:\/\/elcafedepipa.com\/index.php\/wp-json\/wp\/v2\/posts\/13397\/revisions"}],"wp:featuredmedia":[{"embeddable":true,"href":"https:\/\/elcafedepipa.com\/index.php\/wp-json\/wp\/v2\/media\/13399"}],"wp:attachment":[{"href":"https:\/\/elcafedepipa.com\/index.php\/wp-json\/wp\/v2\/media?parent=13397"}],"wp:term":[{"taxonomy":"category","embeddable":true,"href":"https:\/\/elcafedepipa.com\/index.php\/wp-json\/wp\/v2\/categories?post=13397"},{"taxonomy":"post_tag","embeddable":true,"href":"https:\/\/elcafedepipa.com\/index.php\/wp-json\/wp\/v2\/tags?post=13397"}],"curies":[{"name":"wp","href":"https:\/\/api.w.org\/{rel}","templated":true}]}}